{"id":83578,"date":"2018-12-20T09:50:04","date_gmt":"2018-12-20T12:50:04","guid":{"rendered":"http:\/\/www.elsindical.com.ar\/notas\/?p=83578"},"modified":"2018-12-20T09:50:04","modified_gmt":"2018-12-20T12:50:04","slug":"procesaron-a-ocho-policias-vinculados-al-robo-de-marihuana-de-un-operativo","status":"publish","type":"post","link":"https:\/\/www.elsindical.com.ar\/notas\/procesaron-a-ocho-policias-vinculados-al-robo-de-marihuana-de-un-operativo\/","title":{"rendered":"Procesaron a ocho polic\u00edas vinculados al robo de marihuana de un operativo"},"content":{"rendered":"\n<figure class=\"wp-block-image\"><img loading=\"lazy\" decoding=\"async\" width=\"1024\" height=\"504\" src=\"http:\/\/www.elsindical.com.ar\/notas\/var\/www\/html\/notas\/wp-content\/uploads\/2018\/12\/secuestro-de-drogas-polic\u00eda-1024x504.jpg\" alt=\"\" class=\"wp-image-83579\" srcset=\"https:\/\/www.elsindical.com.ar\/notas\/var\/www\/html\/notas\/wp-content\/uploads\/2018\/12\/secuestro-de-drogas-polic\u00eda-1024x504.jpg 1024w, https:\/\/www.elsindical.com.ar\/notas\/var\/www\/html\/notas\/wp-content\/uploads\/2018\/12\/secuestro-de-drogas-polic\u00eda-300x148.jpg 300w, https:\/\/www.elsindical.com.ar\/notas\/var\/www\/html\/notas\/wp-content\/uploads\/2018\/12\/secuestro-de-drogas-polic\u00eda-768x378.jpg 768w, https:\/\/www.elsindical.com.ar\/notas\/var\/www\/html\/notas\/wp-content\/uploads\/2018\/12\/secuestro-de-drogas-polic\u00eda-500x246.jpg 500w, https:\/\/www.elsindical.com.ar\/notas\/var\/www\/html\/notas\/wp-content\/uploads\/2018\/12\/secuestro-de-drogas-polic\u00eda.jpg 1170w\" sizes=\"auto, (max-width: 1024px) 100vw, 1024px\" \/><\/figure>\n\n\n\n<p class=\"wp-block-paragraph\"> La causa se inici\u00f3  cuando un polic\u00eda que recorr\u00eda la calle Franklin al 500 fue advertido  por un hombre que revolv\u00eda un contenedor de basura que en el interior  hab\u00eda una bolsa con varios envoltorios rectangulares de los cuales  emanaba un fuerte olor a marihuana. <\/p>\n\n\n\n<p class=\"wp-block-paragraph\">Ocho efectivos de la Polic\u00eda de la Ciudad de Buenos Aires fueron \nprocesados por una serie de irregularidades que derivaron en el robo, \npor parte de otro polic\u00eda, de 17 panes de marihuana que hab\u00edan sido \ndecomisados en un operativo antidrogas, informaron fuentes judiciales.<br><br>La medida fue dictada por el juez federal Sebasti\u00e1n Ramos, \nque los hall\u00f3 responsables de malversaci\u00f3n de caudales p\u00fablicos, delito \nque en este caso prev\u00e9 solo una multa del 20 al 60 por ciento del valor \nsustra\u00eddo para el funcionario p\u00fablico que, por imprudencia o negligencia\n o por inobservancia de los reglamentos o deberes de su cargo, diere \nocasi\u00f3n a que se efectuare por otra persona la sustracci\u00f3n de caudales o\n efectos.<br><br>El procesamiento, sin prisi\u00f3n preventiva, alcanz\u00f3 al \ncomisario Oscar Molina, los subcomisarios Rub\u00e9n Magnoni y Adolfo Suyo; \nlos efectivos que ten\u00edan a su cargo el dep\u00f3sito de efectos, Silvia \nRomero y N\u00e9lida Lorenz\u00f3n, y los polic\u00edas del \u00e1rea de judiciales Andr\u00e9s \nPais, Elbio C\u00f3rdoba y Facundo Cisneros.<br><br>En tanto, se dispuso la falta de m\u00e9rito de Mauro Brest, \nChristian Maine Rojas, Iv\u00e1n Santucho, Agust\u00edn Bieule, Ricardo Acista y \nF\u00e9lix Luna, todos de la Divisi\u00f3n Robos y Hurtos de la fuerza porte\u00f1a.<br><br>El 1 de agosto \u00faltimo, ya se hab\u00eda procesado con prisi\u00f3n \npreventiva -decisi\u00f3n confirmada por la C\u00e1mara- a Jos\u00e9 Daniel Soria \nBarba, encargado del \u00e1rea de judiciales, por la sustracci\u00f3n de la droga.<\/p>\n","protected":false},"excerpt":{"rendered":"<p>La causa se inici\u00f3 cuando un polic\u00eda que recorr\u00eda la calle Franklin al 500 fue advertido por un hombre que revolv\u00eda un contenedor de basura que en el interior hab\u00eda una bolsa con varios envoltorios rectangulares de los cuales emanaba un fuerte olor a marihuana. Ocho efectivos de la Polic\u00eda de la Ciudad de Buenos&hellip;<\/p>\n","protected":false},"author":1,"featured_media":83579,"comment_status":"open","ping_status":"open","sticky":false,"template":"","format":"standard","meta":{"footnotes":""},"categories":[20],"tags":[664,24537],"class_list":["post-83578","post","type-post","status-publish","format-standard","has-post-thumbnail","hentry","category-judiciales","tag-marihuana","tag-policia-de-la-ciudad"],"_links":{"self":[{"href":"https:\/\/www.elsindical.com.ar\/notas\/wp-json\/wp\/v2\/posts\/83578","targetHints":{"allow":["GET"]}}],"collection":[{"href":"https:\/\/www.elsindical.com.ar\/notas\/wp-json\/wp\/v2\/posts"}],"about":[{"href":"https:\/\/www.elsindical.com.ar\/notas\/wp-json\/wp\/v2\/types\/post"}],"author":[{"embeddable":true,"href":"https:\/\/www.elsindical.com.ar\/notas\/wp-json\/wp\/v2\/users\/1"}],"replies":[{"embeddable":true,"href":"https:\/\/www.elsindical.com.ar\/notas\/wp-json\/wp\/v2\/comments?post=83578"}],"version-history":[{"count":1,"href":"https:\/\/www.elsindical.com.ar\/notas\/wp-json\/wp\/v2\/posts\/83578\/revisions"}],"predecessor-version":[{"id":83580,"href":"https:\/\/www.elsindical.com.ar\/notas\/wp-json\/wp\/v2\/posts\/83578\/revisions\/83580"}],"wp:featuredmedia":[{"embeddable":true,"href":"https:\/\/www.elsindical.com.ar\/notas\/wp-json\/wp\/v2\/media\/83579"}],"wp:attachment":[{"href":"https:\/\/www.elsindical.com.ar\/notas\/wp-json\/wp\/v2\/media?parent=83578"}],"wp:term":[{"taxonomy":"category","embeddable":true,"href":"https:\/\/www.elsindical.com.ar\/notas\/wp-json\/wp\/v2\/categories?post=83578"},{"taxonomy":"post_tag","embeddable":true,"href":"https:\/\/www.elsindical.com.ar\/notas\/wp-json\/wp\/v2\/tags?post=83578"}],"curies":[{"name":"wp","href":"https:\/\/api.w.org\/{rel}","templated":true}]}}