{"id":83575,"date":"2018-12-20T00:32:37","date_gmt":"2018-12-20T03:32:37","guid":{"rendered":"http:\/\/www.elsindical.com.ar\/notas\/?p=83575"},"modified":"2018-12-20T00:32:56","modified_gmt":"2018-12-20T03:32:56","slug":"jueves-20-12-siam-corte-en-el-puente-pueyrredon-y-panuelazo-de-mujeres-a-las-7-30-h","status":"publish","type":"post","link":"https:\/\/www.elsindical.com.ar\/notas\/jueves-20-12-siam-corte-en-el-puente-pueyrredon-y-panuelazo-de-mujeres-a-las-7-30-h\/","title":{"rendered":"Jueves 20\/12] Siam: corte en el Puente Pueyrred\u00f3n y pa\u00f1uelazo de mujeres a las 7.30 h"},"content":{"rendered":"\n<figure class=\"wp-block-image\"><img loading=\"lazy\" decoding=\"async\" width=\"1024\" height=\"575\" src=\"http:\/\/www.elsindical.com.ar\/notas\/var\/www\/html\/notas\/wp-content\/uploads\/2018\/12\/image3-1024x575.png\" alt=\"\" class=\"wp-image-83576\" srcset=\"https:\/\/www.elsindical.com.ar\/notas\/var\/www\/html\/notas\/wp-content\/uploads\/2018\/12\/image3-1024x575.png 1024w, https:\/\/www.elsindical.com.ar\/notas\/var\/www\/html\/notas\/wp-content\/uploads\/2018\/12\/image3-300x168.png 300w, https:\/\/www.elsindical.com.ar\/notas\/var\/www\/html\/notas\/wp-content\/uploads\/2018\/12\/image3-768x431.png 768w, https:\/\/www.elsindical.com.ar\/notas\/var\/www\/html\/notas\/wp-content\/uploads\/2018\/12\/image3-500x281.png 500w, https:\/\/www.elsindical.com.ar\/notas\/var\/www\/html\/notas\/wp-content\/uploads\/2018\/12\/image3.png 1040w\" sizes=\"auto, (max-width: 1024px) 100vw, 1024px\" \/><\/figure>\n\n\n\n<p class=\"wp-block-paragraph\">Con el lema \u00ab<strong>Cher\u00f1ajovsky: #miracomonosponemos si no se cumple la ley y nos siguen discriminando<\/strong>\u00ab, las trabajadoras y los trabajadores de Siam realizar\u00e1n un nuevo corte. La convocatoria es\u00a0 para este jueves 20 de diciembre en Av. Mitre al 200 a las 7.30 h<\/p>\n\n\n\n<p class=\"wp-block-paragraph\">Las y los trabajadores de SIAM denunciamos que el grupo Newsan sigue sin cumplir la ley, dejando en la calle familias que reclaman su reincorporaci\u00f3n. Recibi\u00f3 subsidios y obtuvo en 2012 la ley de expropiaci\u00f3n de la planta con el compromiso de crear 600 puestos de trabajo y hoy hay 60. En la \u00faltima audiencia ofreci\u00f3 reincorporaciones producto de nuestra lucha, lo que demuestra que las y los obreros ten\u00edamos raz\u00f3n. Pero se niega a reincorporar a la totalidad de los despedidos, entre ellos los delegados y principales referentes, y a la \u00fanica delegada mujer de la empresa, en un gremio con casi nula representaci\u00f3n sindical femenina.\u00a0<\/p>\n\n\n\n<p class=\"wp-block-paragraph\">Se acercan las fiestas y la empresa mantiene su posici\u00f3n de estafar al Estado incumpliendo con la ley y sin reincorporarnos. Estamos cansados. Le decimos a Cher\u00f1ajovsky: #miracomonosponemos si nos discriminan y despiden. Vamos a exigir que la empresa cumpla con la Ley provincial 14504 que la obliga a generar trabajo y a no despedir como condici\u00f3n para que el Estado le ceda los terrenos donde est\u00e1 ubicada la planta, y le de beneficios con los que sigue contando. Seguimos reclamando a la gobernadora Mar\u00eda Eugenia Vidal a quien le hicimos llegar una carta, que no ampare la corrupci\u00f3n y la estafa e interceda para que nos reincorporen y no se instale el fraude.\u00a0<\/p>\n\n\n\n<p class=\"wp-block-paragraph\">Tambi\u00e9n estamos reclamando al Intendente Jorge Ferraresi, que nos ha recibido en su momento y est\u00e1 al tanto de las maniobras ilegales de la empresa, que intervenga para que volvamos a trabajar. A la UOM le exigimos que se ponga a la altura de lo que firm\u00f3 en el \u00faltimo acta del Ministerio, que dice que va a pelear por los 20 despedidos y que no se discrimine a las mujeres y que convoque ya a un paro y plan de lucha. Por todo esto las y los trabajadores de Siam convocamos a un corte y pa\u00f1uelazo en el Puente Pueyrred\u00f3n este jueves a las 7.30 hs, junto al movimiento feminista, comisiones de mujeres en los lugares de trabajo y centros de estudiantes y organizaciones solidarias.\u00a0<\/p>\n\n\n\n<p class=\"wp-block-paragraph\">La delegada Alejandra Vercellino, agreg\u00f3: \u00abMa\u00f1ana, junto a comisiones de muejeres y trabajadoras de otros lugares vamos a gritar #MiraComoNosPonemos cuando nos discriminan y nos despiden. Vamos a reclamar que dejen de invisivilizar a las obreras que sufrimos acoso, discriminaci\u00f3n y maltratos laborales cotidianamente por parte del personal jer\u00e1rquico, yo soy la \u00fanica delegada mujer votada por mis compa\u00f1eras y compa\u00f1eros y me han despedido de forma ilegal y discriminatoria. No vamos a permitir que sigan avasallando a las trabajadoras, muchas de las cuales somos sost\u00e9n de familia\u00bb<\/p>\n\n\n\n<p class=\"wp-block-paragraph\"><\/p>\n\n\n\n<p class=\"wp-block-paragraph\"><strong>Trabajadores de Siam en lucha<\/strong><\/p>\n\n\n\n<p class=\"wp-block-paragraph\"><strong>Alejandra: 15 2282 6950<\/strong><\/p>\n\n\n\n<p class=\"wp-block-paragraph\"><strong>Luciano: 15 5497 1104<\/strong><\/p>\n\n\n\n<p class=\"wp-block-paragraph\"><strong>Elais: 15 5816 1898<\/strong><\/p>\n\n\n\n<p class=\"wp-block-paragraph\"><strong>Gustavo: 15 2294 5831<\/strong><\/p>\n","protected":false},"excerpt":{"rendered":"<p>Con el lema \u00abCher\u00f1ajovsky: #miracomonosponemos si no se cumple la ley y nos siguen discriminando\u00ab, las trabajadoras y los trabajadores de Siam realizar\u00e1n un nuevo corte. La convocatoria es\u00a0 para este jueves 20 de diciembre en Av. Mitre al 200 a las 7.30 h Las y los trabajadores de SIAM denunciamos que el grupo Newsan&hellip;<\/p>\n","protected":false},"author":1,"featured_media":83576,"comment_status":"open","ping_status":"open","sticky":false,"template":"","format":"standard","meta":{"footnotes":""},"categories":[16],"tags":[7265,601,17260,125],"class_list":["post-83575","post","type-post","status-publish","format-standard","has-post-thumbnail","hentry","category-gremiales","tag-maria-eugenia-vidal","tag-puente-pueyrredon","tag-siam","tag-trabajadores"],"_links":{"self":[{"href":"https:\/\/www.elsindical.com.ar\/notas\/wp-json\/wp\/v2\/posts\/83575","targetHints":{"allow":["GET"]}}],"collection":[{"href":"https:\/\/www.elsindical.com.ar\/notas\/wp-json\/wp\/v2\/posts"}],"about":[{"href":"https:\/\/www.elsindical.com.ar\/notas\/wp-json\/wp\/v2\/types\/post"}],"author":[{"embeddable":true,"href":"https:\/\/www.elsindical.com.ar\/notas\/wp-json\/wp\/v2\/users\/1"}],"replies":[{"embeddable":true,"href":"https:\/\/www.elsindical.com.ar\/notas\/wp-json\/wp\/v2\/comments?post=83575"}],"version-history":[{"count":1,"href":"https:\/\/www.elsindical.com.ar\/notas\/wp-json\/wp\/v2\/posts\/83575\/revisions"}],"predecessor-version":[{"id":83577,"href":"https:\/\/www.elsindical.com.ar\/notas\/wp-json\/wp\/v2\/posts\/83575\/revisions\/83577"}],"wp:featuredmedia":[{"embeddable":true,"href":"https:\/\/www.elsindical.com.ar\/notas\/wp-json\/wp\/v2\/media\/83576"}],"wp:attachment":[{"href":"https:\/\/www.elsindical.com.ar\/notas\/wp-json\/wp\/v2\/media?parent=83575"}],"wp:term":[{"taxonomy":"category","embeddable":true,"href":"https:\/\/www.elsindical.com.ar\/notas\/wp-json\/wp\/v2\/categories?post=83575"},{"taxonomy":"post_tag","embeddable":true,"href":"https:\/\/www.elsindical.com.ar\/notas\/wp-json\/wp\/v2\/tags?post=83575"}],"curies":[{"name":"wp","href":"https:\/\/api.w.org\/{rel}","templated":true}]}}