{"id":83528,"date":"2018-12-17T18:09:39","date_gmt":"2018-12-17T21:09:39","guid":{"rendered":"http:\/\/www.elsindical.com.ar\/notas\/?p=83528"},"modified":"2018-12-17T18:09:39","modified_gmt":"2018-12-17T21:09:39","slug":"comunicado-oficial-de-uthgra-tras-detencion-del-concejal-zisuela","status":"publish","type":"post","link":"https:\/\/www.elsindical.com.ar\/notas\/comunicado-oficial-de-uthgra-tras-detencion-del-concejal-zisuela\/","title":{"rendered":"Comunicado oficial de UTHGRA tras detenci\u00f3n del concejal Zisuela"},"content":{"rendered":"\n<figure class=\"wp-block-image\"><img loading=\"lazy\" decoding=\"async\" width=\"894\" height=\"635\" src=\"http:\/\/www.elsindical.com.ar\/notas\/var\/www\/html\/notas\/wp-content\/uploads\/2018\/12\/secretaria-de-prensa-UTHGRA.jpg\" alt=\"\" class=\"wp-image-83529\" srcset=\"https:\/\/www.elsindical.com.ar\/notas\/var\/www\/html\/notas\/wp-content\/uploads\/2018\/12\/secretaria-de-prensa-UTHGRA.jpg 894w, https:\/\/www.elsindical.com.ar\/notas\/var\/www\/html\/notas\/wp-content\/uploads\/2018\/12\/secretaria-de-prensa-UTHGRA-300x213.jpg 300w, https:\/\/www.elsindical.com.ar\/notas\/var\/www\/html\/notas\/wp-content\/uploads\/2018\/12\/secretaria-de-prensa-UTHGRA-768x546.jpg 768w, https:\/\/www.elsindical.com.ar\/notas\/var\/www\/html\/notas\/wp-content\/uploads\/2018\/12\/secretaria-de-prensa-UTHGRA-422x300.jpg 422w\" sizes=\"auto, (max-width: 894px) 100vw, 894px\" \/><\/figure>\n\n\n\n<p>Adem\u00e1s de desempe\u00f1arse como concejal por el Frente Renovador, Zisuela era titular de la seccional de Quilmes de UTHGRA. La palabra oficial del gremio tras conocerse los hechos.<\/p>\n\n\n\n<p>El concejal del Frente Renovador de Florencio Varela y titular de la \nUni\u00f3n de Trabajadores del Turismo, Hoteleros y Gastron\u00f3micos de la \nRep\u00fablica Argentina (UTHGRA), Daniel Zisuela, fue detenido en la ma\u00f1ana \nde este lunes por estar involucrado en una red de prostituci\u00f3n infantil y\n corrupci\u00f3n de menores.<\/p>\n\n\n\n<p>El arresto de Zisuela se dio tras una investigaci\u00f3n de cuatro meses a\n cargo del fiscal Daniel Ichazo, a partir del testimonio de dos chicas \nque denunciaron que fueron v\u00edctimas de abuso. El investigador determin\u00f3 \nque el acusado captaba a menores de edad en la zona sur del conurbano, \nlos llevaba a hoteles alojamiento y los prostitu\u00eda.<\/p>\n\n\n\n<p>De acuerdo a la investigaci\u00f3n Zisuela pactaba los encuentros en una \nconfiter\u00eda en Florencio Varela y luego llevaba a las menores al hotel \nalojamiento Susurros, donde en estos momentos se realiza un operativo.<\/p>\n\n\n\n<p>A ra\u00edz de la detenci\u00f3n de Zisuela, la Uni\u00f3n de Trabajadores del \nTurismo, Hoteleros y Gastron\u00f3micos emiti\u00f3 un comunicado en referencia al\n tema y repudiando los hechos denunciados:<\/p>\n\n\n\n<p>COMUNICADO DE PRENSA<\/p>\n\n\n\n<p>La Uni\u00f3n de Trabajadores del Turismo, Hoteleros y Gastron\u00f3micos de la\n Rep\u00fablica Argentina (UTHGRA) manifiesta su contundente repudio y \ncondena frente a los hechos denunciados ante la justicia contra el \nSecretario General de la Seccional Quilmes, Sr. Daniel Zisuela .<\/p>\n\n\n\n<p>Asimismo, quiere dejar en claro que las acciones de este se\u00f1or est\u00e1n \nen manifiesta oposici\u00f3n con los valores que la Organizaci\u00f3n Sindical \npromueve y defiende, raz\u00f3n por la cual, el Sr. Zisuela ha sido apartado \nde su cargo al frente de la seccional citada.<\/p>\n\n\n\n<p>Al tratarse de una conducta delictiva de instancia privada que excede\n a la Organizaci\u00f3n, la misma quiere ser contundente en expresar su total\n respaldo para que la Justicia investigue y lleve adelante las medidas \nnecesarias frente a tan grave acusaci\u00f3n.<\/p>\n\n\n\n<p>Por \u00faltimo, ratifica su total compromiso por la defensa de los \nvalores y los derechos as\u00ed como destaca el trabajo que en este sentido \nlleva adelante el Instituto para la Igualdad de la Oportunidades de la \nUTHGRA.<\/p>\n","protected":false},"excerpt":{"rendered":"<p>Adem\u00e1s de desempe\u00f1arse como concejal por el Frente Renovador, Zisuela era titular de la seccional de Quilmes de UTHGRA. La palabra oficial del gremio tras conocerse los hechos. El concejal del Frente Renovador de Florencio Varela y titular de la Uni\u00f3n de Trabajadores del Turismo, Hoteleros y Gastron\u00f3micos de la Rep\u00fablica Argentina (UTHGRA), Daniel Zisuela,&hellip;<\/p>\n","protected":false},"author":1,"featured_media":83529,"comment_status":"open","ping_status":"open","sticky":false,"template":"","format":"standard","meta":{"footnotes":""},"categories":[16],"tags":[30064,1307,16445,1702],"class_list":["post-83528","post","type-post","status-publish","format-standard","has-post-thumbnail","hentry","category-gremiales","tag-concejal-zisuela","tag-florencio-varela","tag-frente-renovador","tag-uthgra"],"_links":{"self":[{"href":"https:\/\/www.elsindical.com.ar\/notas\/wp-json\/wp\/v2\/posts\/83528","targetHints":{"allow":["GET"]}}],"collection":[{"href":"https:\/\/www.elsindical.com.ar\/notas\/wp-json\/wp\/v2\/posts"}],"about":[{"href":"https:\/\/www.elsindical.com.ar\/notas\/wp-json\/wp\/v2\/types\/post"}],"author":[{"embeddable":true,"href":"https:\/\/www.elsindical.com.ar\/notas\/wp-json\/wp\/v2\/users\/1"}],"replies":[{"embeddable":true,"href":"https:\/\/www.elsindical.com.ar\/notas\/wp-json\/wp\/v2\/comments?post=83528"}],"version-history":[{"count":1,"href":"https:\/\/www.elsindical.com.ar\/notas\/wp-json\/wp\/v2\/posts\/83528\/revisions"}],"predecessor-version":[{"id":83530,"href":"https:\/\/www.elsindical.com.ar\/notas\/wp-json\/wp\/v2\/posts\/83528\/revisions\/83530"}],"wp:featuredmedia":[{"embeddable":true,"href":"https:\/\/www.elsindical.com.ar\/notas\/wp-json\/wp\/v2\/media\/83529"}],"wp:attachment":[{"href":"https:\/\/www.elsindical.com.ar\/notas\/wp-json\/wp\/v2\/media?parent=83528"}],"wp:term":[{"taxonomy":"category","embeddable":true,"href":"https:\/\/www.elsindical.com.ar\/notas\/wp-json\/wp\/v2\/categories?post=83528"},{"taxonomy":"post_tag","embeddable":true,"href":"https:\/\/www.elsindical.com.ar\/notas\/wp-json\/wp\/v2\/tags?post=83528"}],"curies":[{"name":"wp","href":"https:\/\/api.w.org\/{rel}","templated":true}]}}