{"id":83521,"date":"2018-12-17T15:31:16","date_gmt":"2018-12-17T18:31:16","guid":{"rendered":"http:\/\/www.elsindical.com.ar\/notas\/?p=83521"},"modified":"2018-12-17T15:31:16","modified_gmt":"2018-12-17T18:31:16","slug":"masiva-marcha-en-reclamo-de-justicia-por-la-masacre-de-transradio","status":"publish","type":"post","link":"https:\/\/www.elsindical.com.ar\/notas\/masiva-marcha-en-reclamo-de-justicia-por-la-masacre-de-transradio\/","title":{"rendered":"Masiva marcha en reclamo de justicia por la masacre de Transradio"},"content":{"rendered":"\n<figure class=\"wp-block-image\"><img loading=\"lazy\" decoding=\"async\" width=\"640\" height=\"450\" src=\"http:\/\/www.elsindical.com.ar\/notas\/var\/www\/html\/notas\/wp-content\/uploads\/2018\/12\/marcha-masacre-de-Transradio-1.jpg\" alt=\"\" class=\"wp-image-83522\" srcset=\"https:\/\/www.elsindical.com.ar\/notas\/var\/www\/html\/notas\/wp-content\/uploads\/2018\/12\/marcha-masacre-de-Transradio-1.jpg 640w, https:\/\/www.elsindical.com.ar\/notas\/var\/www\/html\/notas\/wp-content\/uploads\/2018\/12\/marcha-masacre-de-Transradio-1-300x211.jpg 300w, https:\/\/www.elsindical.com.ar\/notas\/var\/www\/html\/notas\/wp-content\/uploads\/2018\/12\/marcha-masacre-de-Transradio-1-427x300.jpg 427w\" sizes=\"auto, (max-width: 640px) 100vw, 640px\" \/><\/figure>\n\n\n\n<p>Se cumpli\u00f3 un mes del incendio en la Comisar\u00eda de Transradio, en \nEsteban Echeverr\u00eda, y los familiares de las diez v\u00edctimas fatales \nrealizaron este s\u00e1bado, en Monte Grande, una emotiva marcha para pedir \njusticia por las diez personas fallecidas. Bajo la consigna de \u201cJusticia\n por la Masacre\u201d, marcharon hasta el espacio de la Memoria acompa\u00f1ados \npor Nora Corti\u00f1as, madre de plaza de mayo.<\/p>\n\n\n\n<p>Las familias responsabilizan a los polic\u00edas de la comisar\u00eda ya que \nseg\u00fan manifestaron \u201cnadie se quiso escapar\u201d y advirtieron que el mismo \njuez que clausur\u00f3 la comisar\u00eda para recibir personas, fue quien dict\u00f3 \nque se alojara a los detenidos en esa unidad.<\/p>\n\n\n\n<p>La mam\u00e1 de El\u00edas Soto, uno de los fallecidos, denunci\u00f3 que la polic\u00eda\n y los bomberos \u201cno actuaron como deb\u00edan\u201d y resalt\u00f3 la \u201causencia del \nEstado\u201d, ya que no han obtenido respuesta frente a lo sucedido hace un \nmes.<\/p>\n\n\n\n<p>La marcha fue convocada por la Comisi\u00f3n Provincial Por la Memoria \n(CPM) y que cont\u00f3 con la presencia de Nora Corti\u00f1as, referente de Madres\n de Plaza de Mayo L\u00ednea Fundadora.<\/p>\n\n\n\n<p>Corti\u00f1as expres\u00f3 algunas palabras de apoyo a los familiares de las \nv\u00edctimas critic\u00f3 al Gobierno de Mauricio Macri y asegur\u00f3 que el \npresidente es responsable ya que \u201cpremia a los polic\u00edas asesinos cuando \nhay muerte\u201d.<\/p>\n\n\n\n<p>\u201cLa ministra Patricia Bullrich tiene sed de muerte\u201d manifest\u00f3 \nCorti\u00f1as cuando se refiri\u00f3 a la nueva medida de gatillo f\u00e1cil impulsada \npor el gobierno actual. En funci\u00f3n a eso, agreg\u00f3 \u201cellos no quieren que \nnos vayamos muriendo, quieren que nos matemos entre nosotros\u201d.<\/p>\n\n\n\n<p>Por \u00faltimo, Corti\u00f1as sostuvo \u201cson pol\u00edticas de muerte\u201d pero advirti\u00f3 \nque es una \u201cbuena oportunidad\u201d para unirse y \u201cno debilitarse en la lucha\n pol\u00edtica\u201d para poder seguir \u201cpeleando todos los d\u00edas por el pais\u201d.<\/p>\n\n\n\n<p>El hecho ocurri\u00f3 alrededor de las 3.30 del jueves 15 de noviembre en \nla comisar\u00eda 3ra. de Esteban Echeverr\u00eda, situada en Camino de Cintura \n6080, cuando hab\u00eda 27 detenidos distribuidos en tres calabozos.<\/p>\n\n\n\n<p>Seg\u00fan fuentes policiales y judiciales, el imaginaria observ\u00f3 en el \ncalabozo n\u00famero 1, donde estaban alojados 12 internos, que dos presos \nestaban limando los barrotes de la reja para intentar una fuga.<\/p>\n\n\n\n<p>El polic\u00eda avis\u00f3 a sus superiores, que solicitaron apoyo, por lo que \nllegaron diez m\u00f3viles y se mont\u00f3 un operativo para prevenir y evitar \ncualquier fuga de la seccional.<\/p>\n\n\n\n<p>Seg\u00fan los voceros, si bien las autoridades trataron de entablar un \ndi\u00e1logo con ellos, los internos, molestos tras ser descubiertos, \ncolocaron colchones y frazadas contra la puerta de ingreso y las rejas \ndel calabozo y a las 3.50 les prendieron fuego.<\/p>\n\n\n\n<p>Siempre seg\u00fan las fuentes, dentro del calabozo adem\u00e1s se origin\u00f3 una \npelea entre los que pretend\u00edan iniciar el incendio y los que no, en \ntanto las llamas tomaban fuerza y, pese a la acci\u00f3n de los bomberos \nvoluntarios del destacamento \u201c9 de Abril\u201d, situado en el inmueble \nlindero a la comisar\u00eda, el fuego y el humo se propagaron por todos los \ncalabozos.<\/p>\n\n\n\n<p>Tras el hecho, cinco polic\u00edas fueron desafectados de sus funciones por orden de la Auditoria General de Asuntos Internos del Ministerio de Seguridad provincial: el subcomisario Jes\u00fas David Mu\u00f1oz, la oficial inspector Edith Giselle Ju\u00e1rez, el oficial subayudante Emilio Adolfo Ca\u00f1a, el sargento Daniel Calder\u00f3n y el oficial Eric Alexander Blanco, quienes se desempe\u00f1aban en dicha dependencia.<\/p>\n\n\n\n<ul class=\"wp-block-gallery columns-2 is-cropped wp-block-gallery-1 is-layout-flex wp-block-gallery-is-layout-flex\"><li class=\"blocks-gallery-item\"><figure><img loading=\"lazy\" decoding=\"async\" width=\"800\" height=\"500\" src=\"http:\/\/www.elsindical.com.ar\/notas\/var\/www\/html\/notas\/wp-content\/uploads\/2018\/12\/marcha-masacre-de-Transradio-5.jpg\" alt=\"\" data-id=\"83523\" data-link=\"http:\/\/www.elsindical.com.ar\/notas\/?attachment_id=83523#main\" class=\"wp-image-83523\" srcset=\"https:\/\/www.elsindical.com.ar\/notas\/var\/www\/html\/notas\/wp-content\/uploads\/2018\/12\/marcha-masacre-de-Transradio-5.jpg 800w, https:\/\/www.elsindical.com.ar\/notas\/var\/www\/html\/notas\/wp-content\/uploads\/2018\/12\/marcha-masacre-de-Transradio-5-300x188.jpg 300w, https:\/\/www.elsindical.com.ar\/notas\/var\/www\/html\/notas\/wp-content\/uploads\/2018\/12\/marcha-masacre-de-Transradio-5-768x480.jpg 768w, https:\/\/www.elsindical.com.ar\/notas\/var\/www\/html\/notas\/wp-content\/uploads\/2018\/12\/marcha-masacre-de-Transradio-5-480x300.jpg 480w\" sizes=\"auto, (max-width: 800px) 100vw, 800px\" \/><\/figure><\/li><li class=\"blocks-gallery-item\"><figure><img loading=\"lazy\" decoding=\"async\" width=\"680\" height=\"365\" src=\"http:\/\/www.elsindical.com.ar\/notas\/var\/www\/html\/notas\/wp-content\/uploads\/2018\/12\/marcha-masacre-de-Transradio-3.jpg\" alt=\"\" data-id=\"83524\" data-link=\"http:\/\/www.elsindical.com.ar\/notas\/?attachment_id=83524#main\" class=\"wp-image-83524\" srcset=\"https:\/\/www.elsindical.com.ar\/notas\/var\/www\/html\/notas\/wp-content\/uploads\/2018\/12\/marcha-masacre-de-Transradio-3.jpg 680w, https:\/\/www.elsindical.com.ar\/notas\/var\/www\/html\/notas\/wp-content\/uploads\/2018\/12\/marcha-masacre-de-Transradio-3-300x161.jpg 300w, https:\/\/www.elsindical.com.ar\/notas\/var\/www\/html\/notas\/wp-content\/uploads\/2018\/12\/marcha-masacre-de-Transradio-3-500x268.jpg 500w\" sizes=\"auto, (max-width: 680px) 100vw, 680px\" \/><\/figure><\/li><li class=\"blocks-gallery-item\"><figure><img loading=\"lazy\" decoding=\"async\" width=\"960\" height=\"540\" src=\"http:\/\/www.elsindical.com.ar\/notas\/var\/www\/html\/notas\/wp-content\/uploads\/2018\/12\/marcha-masacre-de-Transradio-2.jpg\" alt=\"\" data-id=\"83525\" data-link=\"http:\/\/www.elsindical.com.ar\/notas\/?attachment_id=83525#main\" class=\"wp-image-83525\" srcset=\"https:\/\/www.elsindical.com.ar\/notas\/var\/www\/html\/notas\/wp-content\/uploads\/2018\/12\/marcha-masacre-de-Transradio-2.jpg 960w, https:\/\/www.elsindical.com.ar\/notas\/var\/www\/html\/notas\/wp-content\/uploads\/2018\/12\/marcha-masacre-de-Transradio-2-300x169.jpg 300w, https:\/\/www.elsindical.com.ar\/notas\/var\/www\/html\/notas\/wp-content\/uploads\/2018\/12\/marcha-masacre-de-Transradio-2-768x432.jpg 768w, https:\/\/www.elsindical.com.ar\/notas\/var\/www\/html\/notas\/wp-content\/uploads\/2018\/12\/marcha-masacre-de-Transradio-2-500x281.jpg 500w, https:\/\/www.elsindical.com.ar\/notas\/var\/www\/html\/notas\/wp-content\/uploads\/2018\/12\/marcha-masacre-de-Transradio-2-460x260.jpg 460w\" sizes=\"auto, (max-width: 960px) 100vw, 960px\" \/><\/figure><\/li><li class=\"blocks-gallery-item\"><figure><img loading=\"lazy\" decoding=\"async\" width=\"900\" height=\"506\" src=\"http:\/\/www.elsindical.com.ar\/notas\/var\/www\/html\/notas\/wp-content\/uploads\/2018\/12\/marcha-masacre-de-Transradio-4.jpg\" alt=\"\" data-id=\"83526\" data-link=\"http:\/\/www.elsindical.com.ar\/notas\/?attachment_id=83526#main\" class=\"wp-image-83526\" srcset=\"https:\/\/www.elsindical.com.ar\/notas\/var\/www\/html\/notas\/wp-content\/uploads\/2018\/12\/marcha-masacre-de-Transradio-4.jpg 900w, https:\/\/www.elsindical.com.ar\/notas\/var\/www\/html\/notas\/wp-content\/uploads\/2018\/12\/marcha-masacre-de-Transradio-4-300x169.jpg 300w, https:\/\/www.elsindical.com.ar\/notas\/var\/www\/html\/notas\/wp-content\/uploads\/2018\/12\/marcha-masacre-de-Transradio-4-768x432.jpg 768w, https:\/\/www.elsindical.com.ar\/notas\/var\/www\/html\/notas\/wp-content\/uploads\/2018\/12\/marcha-masacre-de-Transradio-4-500x281.jpg 500w, https:\/\/www.elsindical.com.ar\/notas\/var\/www\/html\/notas\/wp-content\/uploads\/2018\/12\/marcha-masacre-de-Transradio-4-460x260.jpg 460w\" sizes=\"auto, (max-width: 900px) 100vw, 900px\" \/><\/figure><\/li><\/ul>\n","protected":false},"excerpt":{"rendered":"<p>Se cumpli\u00f3 un mes del incendio en la Comisar\u00eda de Transradio, en Esteban Echeverr\u00eda, y los familiares de las diez v\u00edctimas fatales realizaron este s\u00e1bado, en Monte Grande, una emotiva marcha para pedir justicia por las diez personas fallecidas. Bajo la consigna de \u201cJusticia por la Masacre\u201d, marcharon hasta el espacio de la Memoria acompa\u00f1ados&hellip;<\/p>\n","protected":false},"author":1,"featured_media":83522,"comment_status":"open","ping_status":"open","sticky":false,"template":"","format":"standard","meta":{"footnotes":""},"categories":[25],"tags":[2164,1905,859,30063,10846],"class_list":["post-83521","post","type-post","status-publish","format-standard","has-post-thumbnail","hentry","category-sociedad","tag-comisaria-3ra","tag-esteban-echeverria","tag-masacre","tag-nora-cortinas","tag-transradio"],"_links":{"self":[{"href":"https:\/\/www.elsindical.com.ar\/notas\/wp-json\/wp\/v2\/posts\/83521","targetHints":{"allow":["GET"]}}],"collection":[{"href":"https:\/\/www.elsindical.com.ar\/notas\/wp-json\/wp\/v2\/posts"}],"about":[{"href":"https:\/\/www.elsindical.com.ar\/notas\/wp-json\/wp\/v2\/types\/post"}],"author":[{"embeddable":true,"href":"https:\/\/www.elsindical.com.ar\/notas\/wp-json\/wp\/v2\/users\/1"}],"replies":[{"embeddable":true,"href":"https:\/\/www.elsindical.com.ar\/notas\/wp-json\/wp\/v2\/comments?post=83521"}],"version-history":[{"count":1,"href":"https:\/\/www.elsindical.com.ar\/notas\/wp-json\/wp\/v2\/posts\/83521\/revisions"}],"predecessor-version":[{"id":83527,"href":"https:\/\/www.elsindical.com.ar\/notas\/wp-json\/wp\/v2\/posts\/83521\/revisions\/83527"}],"wp:featuredmedia":[{"embeddable":true,"href":"https:\/\/www.elsindical.com.ar\/notas\/wp-json\/wp\/v2\/media\/83522"}],"wp:attachment":[{"href":"https:\/\/www.elsindical.com.ar\/notas\/wp-json\/wp\/v2\/media?parent=83521"}],"wp:term":[{"taxonomy":"category","embeddable":true,"href":"https:\/\/www.elsindical.com.ar\/notas\/wp-json\/wp\/v2\/categories?post=83521"},{"taxonomy":"post_tag","embeddable":true,"href":"https:\/\/www.elsindical.com.ar\/notas\/wp-json\/wp\/v2\/tags?post=83521"}],"curies":[{"name":"wp","href":"https:\/\/api.w.org\/{rel}","templated":true}]}}