{"id":83428,"date":"2018-12-15T02:01:11","date_gmt":"2018-12-15T05:01:11","guid":{"rendered":"http:\/\/www.elsindical.com.ar\/notas\/?p=83428"},"modified":"2018-12-15T02:01:28","modified_gmt":"2018-12-15T05:01:28","slug":"segun-la-uca-mas-de-13-millones-de-argentinos-son-pobres","status":"publish","type":"post","link":"https:\/\/www.elsindical.com.ar\/notas\/segun-la-uca-mas-de-13-millones-de-argentinos-son-pobres\/","title":{"rendered":"Seg\u00fan la UCA m\u00e1s de 13 millones de argentinos son pobres"},"content":{"rendered":"\n<figure class=\"wp-block-image\"><img loading=\"lazy\" decoding=\"async\" width=\"620\" height=\"370\" src=\"http:\/\/www.elsindical.com.ar\/notas\/var\/www\/html\/notas\/wp-content\/uploads\/2018\/12\/pobres-en-Argentina.jpg\" alt=\"\" class=\"wp-image-83429\" srcset=\"https:\/\/www.elsindical.com.ar\/notas\/var\/www\/html\/notas\/wp-content\/uploads\/2018\/12\/pobres-en-Argentina.jpg 620w, https:\/\/www.elsindical.com.ar\/notas\/var\/www\/html\/notas\/wp-content\/uploads\/2018\/12\/pobres-en-Argentina-300x179.jpg 300w, https:\/\/www.elsindical.com.ar\/notas\/var\/www\/html\/notas\/wp-content\/uploads\/2018\/12\/pobres-en-Argentina-500x298.jpg 500w\" sizes=\"auto, (max-width: 620px) 100vw, 620px\" \/><\/figure>\n\n\n\n<p>El numero indicado por la UCA es el m\u00e1s alto de la d\u00e9cada, y significa un aumento del 19 por ciento respecto al mismo periodo de 2017. De acuerdo a las cifras difundidas por la UCA, hay un 6,1 por ciento de argentinos que se encuentran en indigencia.<\/p>\n\n\n\n<p>La Universidad Cat\u00f3lica Argentina (UCA) present\u00f3 un informe con los \ndatos de pobreza de la Argentina durante el tercer trimestre de 2018. \nSeg\u00fan la presentaci\u00f3n, el \u00edndice lleg\u00f3 al 33,6 por ciento.<\/p>\n\n\n\n<p>El numero indicado por la UCA es el m\u00e1s alto de la d\u00e9cada, y \nsignifica un aumento del 19 por ciento respecto al mismo periodo de \n2017. Esto significa, seg\u00fan el informe, que m\u00e1s de 13 millones de \nargentinos son pobres.<\/p>\n\n\n\n<p>Asimismo, de acuerdo a las cifras difundidas por la UCA, hay un 6,1 por ciento de argentinos que se encuentran en indigencia.<\/p>\n\n\n\n<p>En cuanto a la Provincia de Buenos Aires, el informe indica que la \npobreza golpea m\u00e1s fuerte al Conurbano bonaerense, as\u00ed como tambi\u00e9n a \nlos chicos de entre 0 y 17 a\u00f1os, donde se vio un incremento del 44 por \nciento al 51,7.<\/p>\n\n\n\n<p>Cabe mencionar que los n\u00fameros arrojados por este \u00edndice se realizan \nen unos 5.800 casos de todos los conglomerados urbanos del pa\u00eds con m\u00e1s \nde 80.000 habitantes y toma en cuenta una muestra por ingreso aunque \ntiene datos m\u00e1s ampliados de la situaci\u00f3n de las personas pobres o \nindigentes. (<strong>InfoGEI<\/strong>) Mg<\/p>\n\n\n\n<p> <\/p>\n","protected":false},"excerpt":{"rendered":"<p>El numero indicado por la UCA es el m\u00e1s alto de la d\u00e9cada, y significa un aumento del 19 por ciento respecto al mismo periodo de 2017. De acuerdo a las cifras difundidas por la UCA, hay un 6,1 por ciento de argentinos que se encuentran en indigencia. La Universidad Cat\u00f3lica Argentina (UCA) present\u00f3 un&hellip;<\/p>\n","protected":false},"author":1,"featured_media":83429,"comment_status":"open","ping_status":"open","sticky":false,"template":"","format":"standard","meta":{"footnotes":""},"categories":[9],"tags":[22023,8280,801,9892],"class_list":["post-83428","post","type-post","status-publish","format-standard","has-post-thumbnail","hentry","category-economia","tag-economia","tag-indigencia","tag-pobres","tag-uca"],"_links":{"self":[{"href":"https:\/\/www.elsindical.com.ar\/notas\/wp-json\/wp\/v2\/posts\/83428","targetHints":{"allow":["GET"]}}],"collection":[{"href":"https:\/\/www.elsindical.com.ar\/notas\/wp-json\/wp\/v2\/posts"}],"about":[{"href":"https:\/\/www.elsindical.com.ar\/notas\/wp-json\/wp\/v2\/types\/post"}],"author":[{"embeddable":true,"href":"https:\/\/www.elsindical.com.ar\/notas\/wp-json\/wp\/v2\/users\/1"}],"replies":[{"embeddable":true,"href":"https:\/\/www.elsindical.com.ar\/notas\/wp-json\/wp\/v2\/comments?post=83428"}],"version-history":[{"count":1,"href":"https:\/\/www.elsindical.com.ar\/notas\/wp-json\/wp\/v2\/posts\/83428\/revisions"}],"predecessor-version":[{"id":83430,"href":"https:\/\/www.elsindical.com.ar\/notas\/wp-json\/wp\/v2\/posts\/83428\/revisions\/83430"}],"wp:featuredmedia":[{"embeddable":true,"href":"https:\/\/www.elsindical.com.ar\/notas\/wp-json\/wp\/v2\/media\/83429"}],"wp:attachment":[{"href":"https:\/\/www.elsindical.com.ar\/notas\/wp-json\/wp\/v2\/media?parent=83428"}],"wp:term":[{"taxonomy":"category","embeddable":true,"href":"https:\/\/www.elsindical.com.ar\/notas\/wp-json\/wp\/v2\/categories?post=83428"},{"taxonomy":"post_tag","embeddable":true,"href":"https:\/\/www.elsindical.com.ar\/notas\/wp-json\/wp\/v2\/tags?post=83428"}],"curies":[{"name":"wp","href":"https:\/\/api.w.org\/{rel}","templated":true}]}}