{"id":83424,"date":"2018-12-14T19:39:57","date_gmt":"2018-12-14T22:39:57","guid":{"rendered":"http:\/\/www.elsindical.com.ar\/notas\/?p=83424"},"modified":"2018-12-14T19:39:57","modified_gmt":"2018-12-14T22:39:57","slug":"lomas-de-zamora-condenan-a-otros-dos-ex-integrantes-de-la-uocra-lomas-por-el-crimen-de-dario-avalos","status":"publish","type":"post","link":"https:\/\/www.elsindical.com.ar\/notas\/lomas-de-zamora-condenan-a-otros-dos-ex-integrantes-de-la-uocra-lomas-por-el-crimen-de-dario-avalos\/","title":{"rendered":"Lomas de Zamora: Condenan a otros dos ex integrantes de la UOCRA Lomas por el crimen de Dar\u00edo \u00c1valos"},"content":{"rendered":"\n<figure class=\"wp-block-image\"><img loading=\"lazy\" decoding=\"async\" width=\"502\" height=\"377\" src=\"http:\/\/www.elsindical.com.ar\/notas\/var\/www\/html\/notas\/wp-content\/uploads\/2015\/02\/Justicia-Dar\u00edo-Avalos.jpg\" alt=\"\" class=\"wp-image-49405\" srcset=\"https:\/\/www.elsindical.com.ar\/notas\/var\/www\/html\/notas\/wp-content\/uploads\/2015\/02\/Justicia-Dar\u00edo-Avalos.jpg 502w, https:\/\/www.elsindical.com.ar\/notas\/var\/www\/html\/notas\/wp-content\/uploads\/2015\/02\/Justicia-Dar\u00edo-Avalos-300x225.jpg 300w, https:\/\/www.elsindical.com.ar\/notas\/var\/www\/html\/notas\/wp-content\/uploads\/2015\/02\/Justicia-Dar\u00edo-Avalos-399x300.jpg 399w\" sizes=\"auto, (max-width: 502px) 100vw, 502px\" \/><\/figure>\n\n\n\n<p>Dos ex integrantes de la seccional Lomas de Zamora de la UOCRA fueron\n hallados culpables por una salvaje agresi\u00f3n a trabajadores, ocurrida en\n 2014, en Fiorito, y que termin\u00f3 con la muerte de Dar\u00edo \u00c1valos y cuatro \nheridos graves. La decisi\u00f3n fue adoptada en el marco de juicio por \njurados.<\/p>\n\n\n\n<p>Se trat\u00f3 del tercer juicio oral en tres a\u00f1os por el mismo hecho, \nrealizados en Lomas de Zamora. En todos, hubo condenas para los \nimputados.<\/p>\n\n\n\n<p>A pesar de las numerosas condenas que lleva el caso, a\u00fan no fue \ndetenido Walter Leguizam\u00f3n, en 2014 titular de la UOCRA Lomas y a quien \ntodos sindican como el autor intelectual del ataque a los trabajadores \ndel mismo gremio, en el marco de una feroz interna.<\/p>\n\n\n\n<p>Fuentes judiciales informaron que este jueves, en el juicio por jurados, Miguel \u201cPoti\u201d Lome\u00f1a\u00a0fue hallado culpable, por unanimidad, del delito de \u201chomicidio agravado en concurso con homicidio agravado en grado de tentativa\u201d. Por esto, se estima que en los pr\u00f3ximos d\u00edas, cuando se aplique la pena, la misma ser\u00e1 de prisi\u00f3n perpetua.<\/p>\n\n\n\n<p>Lome\u00f1a, seg\u00fan se acredit\u00f3, dispar\u00f3 contra \u00c1valos desde el interior de\n la empresa ESUCO donde se encontraba apostado el sector que respond\u00eda a\n Leguizam\u00f3n.<\/p>\n\n\n\n<p>Por 11 votos contra uno, el otro imputado \u2013 Gast\u00f3n Olivera \u2013 fue \nhallado culpable de \u201chomicidio en agresi\u00f3n y lesiones graves\u201d. Este \nhombre, adem\u00e1s, es familiar del pr\u00f3fugo Leguizam\u00f3n.<\/p>\n\n\n\n<p>La fiscal Marcela Dimundo hab\u00eda acusado a Lome\u00f1a y Olivera por \nhomicidio agravado. Los jurados \u2013 ciudadanos comunes \u2013 deliberaron \ndurante casi tres horas antes de dar a conocer la decisi\u00f3n, cerca de la \nmedianoche de este jueves, en los Tribunales de Lomas.<\/p>\n\n\n\n<p>El homicidio de \u00c1valos ocurri\u00f3 el 11 de marzo de 2014 frente al \nobrador de la empresa ESUCO, ubicado en Camino de la Ribera al 400, en \nFiorito. Ese d\u00eda, un grupo de trabajadores de la UOCRA estaba reclamando\n porque fueron despedidos del lugar y otros porque no ten\u00edan empleo.<\/p>\n\n\n\n<p>Seg\u00fan la investigaci\u00f3n del caso, los manifestantes comenzaron a ser \nagredidos desde el interior de la empresa a balazos y piedrazos. En el \nmomento de la agresi\u00f3n, apareci\u00f3 otro grupo por el Camino de la Ribera \nproveniente del ex Camino Negro, que se sum\u00f3 a la agresi\u00f3n. En este \n\u00faltimo grupo se encontraba Gast\u00f3n Olivera, hallado culpable este jueves.<\/p>\n\n\n\n<p>All\u00ed, Dar\u00edo Avalos fue herido y muri\u00f3 pocos despu\u00e9s en la Unidad de \nPronta Atenci\u00f3n (UPA) de Lan\u00fas. En el mismo hecho, otros cuatros hombres\n \u2013fueron heridos de arma blanca y de fuego- fueron trasladados al \nHospital Evita.<\/p>\n","protected":false},"excerpt":{"rendered":"<p>Dos ex integrantes de la seccional Lomas de Zamora de la UOCRA fueron hallados culpables por una salvaje agresi\u00f3n a trabajadores, ocurrida en 2014, en Fiorito, y que termin\u00f3 con la muerte de Dar\u00edo \u00c1valos y cuatro heridos graves. La decisi\u00f3n fue adoptada en el marco de juicio por jurados. Se trat\u00f3 del tercer juicio&hellip;<\/p>\n","protected":false},"author":1,"featured_media":49405,"comment_status":"open","ping_status":"open","sticky":false,"template":"","format":"standard","meta":{"footnotes":""},"categories":[20],"tags":[363,30042,516,744],"class_list":["post-83424","post","type-post","status-publish","format-standard","has-post-thumbnail","hentry","category-judiciales","tag-asesinato","tag-dario-avalos-2","tag-juicio-oral","tag-lomas-de-zamora"],"_links":{"self":[{"href":"https:\/\/www.elsindical.com.ar\/notas\/wp-json\/wp\/v2\/posts\/83424","targetHints":{"allow":["GET"]}}],"collection":[{"href":"https:\/\/www.elsindical.com.ar\/notas\/wp-json\/wp\/v2\/posts"}],"about":[{"href":"https:\/\/www.elsindical.com.ar\/notas\/wp-json\/wp\/v2\/types\/post"}],"author":[{"embeddable":true,"href":"https:\/\/www.elsindical.com.ar\/notas\/wp-json\/wp\/v2\/users\/1"}],"replies":[{"embeddable":true,"href":"https:\/\/www.elsindical.com.ar\/notas\/wp-json\/wp\/v2\/comments?post=83424"}],"version-history":[{"count":1,"href":"https:\/\/www.elsindical.com.ar\/notas\/wp-json\/wp\/v2\/posts\/83424\/revisions"}],"predecessor-version":[{"id":83425,"href":"https:\/\/www.elsindical.com.ar\/notas\/wp-json\/wp\/v2\/posts\/83424\/revisions\/83425"}],"wp:featuredmedia":[{"embeddable":true,"href":"https:\/\/www.elsindical.com.ar\/notas\/wp-json\/wp\/v2\/media\/49405"}],"wp:attachment":[{"href":"https:\/\/www.elsindical.com.ar\/notas\/wp-json\/wp\/v2\/media?parent=83424"}],"wp:term":[{"taxonomy":"category","embeddable":true,"href":"https:\/\/www.elsindical.com.ar\/notas\/wp-json\/wp\/v2\/categories?post=83424"},{"taxonomy":"post_tag","embeddable":true,"href":"https:\/\/www.elsindical.com.ar\/notas\/wp-json\/wp\/v2\/tags?post=83424"}],"curies":[{"name":"wp","href":"https:\/\/api.w.org\/{rel}","templated":true}]}}