{"id":83411,"date":"2018-12-14T19:07:56","date_gmt":"2018-12-14T22:07:56","guid":{"rendered":"http:\/\/www.elsindical.com.ar\/notas\/?p=83411"},"modified":"2018-12-14T19:07:56","modified_gmt":"2018-12-14T22:07:56","slug":"condenaron-a-medico-que-violo-a-su-ex-y-a-sus-hijos-pero-sigue-libre","status":"publish","type":"post","link":"https:\/\/www.elsindical.com.ar\/notas\/condenaron-a-medico-que-violo-a-su-ex-y-a-sus-hijos-pero-sigue-libre\/","title":{"rendered":"Condenaron a m\u00e9dico que viol\u00f3 a su ex y a sus hijos pero sigue libre"},"content":{"rendered":"\n<figure class=\"wp-block-image\"><img loading=\"lazy\" decoding=\"async\" width=\"970\" height=\"546\" src=\"http:\/\/www.elsindical.com.ar\/notas\/var\/www\/html\/notas\/wp-content\/uploads\/2018\/12\/m\u00e9dico-condenado.jpg\" alt=\"\" class=\"wp-image-83412\" srcset=\"https:\/\/www.elsindical.com.ar\/notas\/var\/www\/html\/notas\/wp-content\/uploads\/2018\/12\/m\u00e9dico-condenado.jpg 970w, https:\/\/www.elsindical.com.ar\/notas\/var\/www\/html\/notas\/wp-content\/uploads\/2018\/12\/m\u00e9dico-condenado-300x169.jpg 300w, https:\/\/www.elsindical.com.ar\/notas\/var\/www\/html\/notas\/wp-content\/uploads\/2018\/12\/m\u00e9dico-condenado-768x432.jpg 768w, https:\/\/www.elsindical.com.ar\/notas\/var\/www\/html\/notas\/wp-content\/uploads\/2018\/12\/m\u00e9dico-condenado-500x281.jpg 500w, https:\/\/www.elsindical.com.ar\/notas\/var\/www\/html\/notas\/wp-content\/uploads\/2018\/12\/m\u00e9dico-condenado-460x260.jpg 460w\" sizes=\"auto, (max-width: 970px) 100vw, 970px\" \/><\/figure>\n\n\n\n<p class=\"wp-block-paragraph\">Uno de los tres hijos del acusado\u00a0hizo p\u00fablica la denuncia porque\u00a0pese a ser condenado en 2014\u00a0a cinco a\u00f1os y medio de prisi\u00f3n, todav\u00eda no fue preso.<\/p>\n\n\n\n<p class=\"wp-block-paragraph\">La denuncia de <strong>Thelma Fard\u00edn<\/strong>\u00a0contra <strong>Juan Darth\u00e9s<\/strong>, removi\u00f3 el pasado de muchos j\u00f3venes.<strong>\u00a0Santiago Bustince<\/strong>\u00a0es uno de ellos: el mi\u00e9rcoles hizo p\u00fablica su historia de vida que involucra\u00a0a su propio padre y a un pedido de justicia, algo que espera hace 20 a\u00f1os\u00a0ante la inoperancia de la Justicia.<\/p>\n\n\n\n<p class=\"wp-block-paragraph\"><strong>Fernando Jos\u00e9 Bustince<\/strong> es m\u00e9dico oftalm\u00f3logo. En 1999 su ex mujer lo denunci\u00f3 por abusar y golpear de sus   hijos\u00a0y de ella misma. Reci\u00e9n en 2014 lograron que lo condenen a\u00a0cinco a\u00f1os y medio de prisi\u00f3n pero hasta el momento\u00a0no se hizo efectiva porque la defensa\u00a0recurri\u00f3 a la Corte Suprema de Justicia para que analice su caso.<\/p>\n\n\n\n<p class=\"wp-block-paragraph\">Un dato no menor, es que la hermana del acusado es abogada y su pap\u00e1,\n el abuelo del joven denunciante, es juez. Y a ellos hace&nbsp;referencia \nSantiago durante su descargo en la red social.&nbsp;<\/p>\n\n\n\n<p class=\"wp-block-paragraph\"><em>\u00ab\u00c9l es mi viejo, un abusador y golpeador. Fernando Jos\u00e9 Bustince.   M\u00e9dico oftalm\u00f3logo M.N.: 222178. Voy a aprovechar este momento, que nos da la posibilidad de contar lo que vivimos en carne propia sobre lo que es tener un abusador al lado y dar fe, de que la justicia los ampara\u00bb<\/em>, tuite\u00f3 el   hijo del acusado en un hilo de Twitter\u00a0junto con la denuncia.<\/p>\n\n\n\n<p class=\"wp-block-paragraph\"><em>\u00abCajoneo de causa por m\u00e1s de 15 a\u00f1os desde realizada la denuncia.\n Este mensaje escrib\u00ed hace 2 a\u00f1os. Hoy sigo pensando igual. Marche \npreso. Por mi hermana, por mi hermano, por mi vieja y por mi. Te \npadecimos todos. La justicia tardo mas de 15 a\u00f1os en hacer \u201cjusticia\u201d, <\/em>sigue.<\/p>\n\n\n\n<p class=\"wp-block-paragraph\"><em>\u00abAhora tiene sentencia firme por 5 a\u00f1os y medio de prision (nos \ncreyeron, al fin), pero nadie lo detiene. Por lo menos que la gente \nconozca tu cara y te aparten de la sociedad. Que la justicia social haga\n su trabajo mientras tanto\u00bb<\/em>, agrega.<\/p>\n\n\n\n<p class=\"wp-block-paragraph\">El denunciante termina mencionando a sus hermanos,\u00a0dese\u00e1ndoles fuerzas y dici\u00e9ndoles que los ama.<\/p>\n\n\n\n<ul class=\"wp-block-gallery columns-1 is-cropped wp-block-gallery-1 is-layout-flex wp-block-gallery-is-layout-flex\"><li class=\"blocks-gallery-item\"><figure><img loading=\"lazy\" decoding=\"async\" width=\"576\" height=\"1024\" src=\"http:\/\/www.elsindical.com.ar\/notas\/var\/www\/html\/notas\/wp-content\/uploads\/2018\/12\/publicaci\u00f3n-hijo-abusado-por-m\u00e9dico-1-576x1024.jpg\" alt=\"\" data-id=\"83413\" data-link=\"http:\/\/www.elsindical.com.ar\/notas\/?attachment_id=83413#main\" class=\"wp-image-83413\" srcset=\"https:\/\/www.elsindical.com.ar\/notas\/var\/www\/html\/notas\/wp-content\/uploads\/2018\/12\/publicaci\u00f3n-hijo-abusado-por-m\u00e9dico-1-576x1024.jpg 576w, https:\/\/www.elsindical.com.ar\/notas\/var\/www\/html\/notas\/wp-content\/uploads\/2018\/12\/publicaci\u00f3n-hijo-abusado-por-m\u00e9dico-1-169x300.jpg 169w, https:\/\/www.elsindical.com.ar\/notas\/var\/www\/html\/notas\/wp-content\/uploads\/2018\/12\/publicaci\u00f3n-hijo-abusado-por-m\u00e9dico-1.jpg 675w\" sizes=\"auto, (max-width: 576px) 100vw, 576px\" \/><\/figure><\/li><li class=\"blocks-gallery-item\"><figure><img loading=\"lazy\" decoding=\"async\" width=\"571\" height=\"644\" src=\"http:\/\/www.elsindical.com.ar\/notas\/var\/www\/html\/notas\/wp-content\/uploads\/2018\/12\/m\u00e9dico-abusador-denuncia-hijo.png\" alt=\"\" data-id=\"83414\" data-link=\"http:\/\/www.elsindical.com.ar\/notas\/?attachment_id=83414#main\" class=\"wp-image-83414\" srcset=\"https:\/\/www.elsindical.com.ar\/notas\/var\/www\/html\/notas\/wp-content\/uploads\/2018\/12\/m\u00e9dico-abusador-denuncia-hijo.png 571w, https:\/\/www.elsindical.com.ar\/notas\/var\/www\/html\/notas\/wp-content\/uploads\/2018\/12\/m\u00e9dico-abusador-denuncia-hijo-266x300.png 266w\" sizes=\"auto, (max-width: 571px) 100vw, 571px\" \/><\/figure><\/li><\/ul>\n","protected":false},"excerpt":{"rendered":"<p>Uno de los tres hijos del acusado\u00a0hizo p\u00fablica la denuncia porque\u00a0pese a ser condenado en 2014\u00a0a cinco a\u00f1os y medio de prisi\u00f3n, todav\u00eda no fue preso. La denuncia de Thelma Fard\u00edn\u00a0contra Juan Darth\u00e9s, removi\u00f3 el pasado de muchos j\u00f3venes.\u00a0Santiago Bustince\u00a0es uno de ellos: el mi\u00e9rcoles hizo p\u00fablica su historia de vida que involucra\u00a0a su propio&hellip;<\/p>\n","protected":false},"author":1,"featured_media":83412,"comment_status":"open","ping_status":"open","sticky":false,"template":"","format":"standard","meta":{"footnotes":""},"categories":[6],"tags":[751,30039,3432,30038],"class_list":["post-83411","post","type-post","status-publish","format-standard","has-post-thumbnail","hentry","category-denuncias","tag-condenado","tag-fernando-jose-bustince","tag-medico","tag-santiago-bustince"],"_links":{"self":[{"href":"https:\/\/www.elsindical.com.ar\/notas\/wp-json\/wp\/v2\/posts\/83411","targetHints":{"allow":["GET"]}}],"collection":[{"href":"https:\/\/www.elsindical.com.ar\/notas\/wp-json\/wp\/v2\/posts"}],"about":[{"href":"https:\/\/www.elsindical.com.ar\/notas\/wp-json\/wp\/v2\/types\/post"}],"author":[{"embeddable":true,"href":"https:\/\/www.elsindical.com.ar\/notas\/wp-json\/wp\/v2\/users\/1"}],"replies":[{"embeddable":true,"href":"https:\/\/www.elsindical.com.ar\/notas\/wp-json\/wp\/v2\/comments?post=83411"}],"version-history":[{"count":1,"href":"https:\/\/www.elsindical.com.ar\/notas\/wp-json\/wp\/v2\/posts\/83411\/revisions"}],"predecessor-version":[{"id":83415,"href":"https:\/\/www.elsindical.com.ar\/notas\/wp-json\/wp\/v2\/posts\/83411\/revisions\/83415"}],"wp:featuredmedia":[{"embeddable":true,"href":"https:\/\/www.elsindical.com.ar\/notas\/wp-json\/wp\/v2\/media\/83412"}],"wp:attachment":[{"href":"https:\/\/www.elsindical.com.ar\/notas\/wp-json\/wp\/v2\/media?parent=83411"}],"wp:term":[{"taxonomy":"category","embeddable":true,"href":"https:\/\/www.elsindical.com.ar\/notas\/wp-json\/wp\/v2\/categories?post=83411"},{"taxonomy":"post_tag","embeddable":true,"href":"https:\/\/www.elsindical.com.ar\/notas\/wp-json\/wp\/v2\/tags?post=83411"}],"curies":[{"name":"wp","href":"https:\/\/api.w.org\/{rel}","templated":true}]}}