{"id":83407,"date":"2018-12-14T18:10:26","date_gmt":"2018-12-14T21:10:26","guid":{"rendered":"http:\/\/www.elsindical.com.ar\/notas\/?p=83407"},"modified":"2018-12-14T18:10:26","modified_gmt":"2018-12-14T21:10:26","slug":"historica-confluencia-de-abogados-sindicales-para-rechazar-el-programa-laboral-de-macri","status":"publish","type":"post","link":"https:\/\/www.elsindical.com.ar\/notas\/historica-confluencia-de-abogados-sindicales-para-rechazar-el-programa-laboral-de-macri\/","title":{"rendered":"Hist\u00f3rica confluencia de abogados sindicales para rechazar el programa laboral de Macri"},"content":{"rendered":"\n<figure class=\"wp-block-image\"><img loading=\"lazy\" decoding=\"async\" width=\"1024\" height=\"576\" src=\"http:\/\/www.elsindical.com.ar\/notas\/var\/www\/html\/notas\/wp-content\/uploads\/2018\/12\/c02bc51e-7aff-4fd3-bf4a-540455b933e8-1024x576.png\" alt=\"\" class=\"wp-image-83408\" srcset=\"https:\/\/www.elsindical.com.ar\/notas\/var\/www\/html\/notas\/wp-content\/uploads\/2018\/12\/c02bc51e-7aff-4fd3-bf4a-540455b933e8-1024x576.png 1024w, https:\/\/www.elsindical.com.ar\/notas\/var\/www\/html\/notas\/wp-content\/uploads\/2018\/12\/c02bc51e-7aff-4fd3-bf4a-540455b933e8-300x169.png 300w, https:\/\/www.elsindical.com.ar\/notas\/var\/www\/html\/notas\/wp-content\/uploads\/2018\/12\/c02bc51e-7aff-4fd3-bf4a-540455b933e8-768x432.png 768w, https:\/\/www.elsindical.com.ar\/notas\/var\/www\/html\/notas\/wp-content\/uploads\/2018\/12\/c02bc51e-7aff-4fd3-bf4a-540455b933e8-500x281.png 500w, https:\/\/www.elsindical.com.ar\/notas\/var\/www\/html\/notas\/wp-content\/uploads\/2018\/12\/c02bc51e-7aff-4fd3-bf4a-540455b933e8-460x260.png 460w, https:\/\/www.elsindical.com.ar\/notas\/var\/www\/html\/notas\/wp-content\/uploads\/2018\/12\/c02bc51e-7aff-4fd3-bf4a-540455b933e8.png 1052w\" sizes=\"auto, (max-width: 1024px) 100vw, 1024px\" \/><\/figure>\n\n\n\n<p>La pol\u00edtica gubernamental intervencionista de los sindicatos consigui\u00f3 una asombrosa unidad. <strong>Abogados de sindicatos de todas las tradiciones pol\u00edticas, desde la ortodoxia a las expresiones m\u00e1s combativas, tambi\u00e9n\u00a0las organizaciones afines al kircherismo como los sectores de la izquierda<\/strong>, confluyeron en un \u00fanico espacio, <strong><em>el Foro de Abogadas y Abogados de Organizaciones Sindicales<\/em><\/strong>, que difundi\u00f3 su documento fundacional con un claro programa de confrontaci\u00f3n a las pol\u00edticas oficiales.<br><br>En\u00a0 una \u00fanica foto aparecen, por ejemplo, Hugo Moyano (hijo), de Camioneros; Guillermo Gianibelli (Metrodelegados), Noem\u00ed Rial (Uni\u00f3n Ferroviaria), Mat\u00edas Cremonte (ATE), Mar\u00eda Paula Lozano (Aceiteros), Juan Manuel Mart\u00ednez Chas (Transporte), Luis Enrique Ram\u00edrez (Pilotos), H\u00e9ctor Recalde (por a\u00f1os asesor de la CGT), Guillermo Pajoni (Federaci\u00f3n Judicial). Todos en un mismo espacio. Una expresi\u00f3n inusual de unidad sindical de organizaciones que tienen, sin embargo, notables diferencias en sus modelos de construcci\u00f3n sindical.<br><br>El documento fundacional del espacio se alumbr\u00f3 al calor de las pol\u00edticas laborales del gobierno de Mauricio Macri. El Foro enfatiz\u00f3 la existencia de una reforma laboral de facto, sin tr\u00e1mite legislativo, <em>\u201cencubierta\u201d,<\/em> a trav\u00e9s <em>\u201cde todo tipo de presiones a los sindicatos para modificar a la baja los Convenios Colectivos de Trabajo con la consecuente p\u00e9rdida de derechos para los trabajadores\u201d.<\/em><br><br>El documento precis\u00f3 la existencia de un plan <em>\u201csistem\u00e1tico\u201d <\/em>para vulnerar los derechos laborales que tiene como herramienta privilegiada la afectaci\u00f3n de la autonom\u00eda sindical. <em>\u201cVivimos una vulneraci\u00f3n sistem\u00e1tica de la libertad y democracia sindical de trabajadores\/as y de sus organizaciones, a trav\u00e9s de la acci\u00f3n u omisi\u00f3n de la autoridad de trabajo y de parte de la justicia federal penal con el fin de criminalizar a la organizaci\u00f3n sindical e impedir el ejercicio de los derechos sindicales constitucionalmente garantizados\u201d.<\/em><br><br><a rel=\"noreferrer noopener\" href=\"https:\/\/blogspot.us11.list-manage.com\/track\/click?u=0f1d44d32ddf7c7c34f841406&amp;id=43fa30b862&amp;e=05b94daa46\" target=\"_blank\">Documento completo y fotos en este link<\/a>.<br><br>Contacto: 15-6228-1059<br><strong>Asociaci\u00f3n de Abogados y Abogadas Laboralistas<\/strong><\/p>\n\n\n\n<figure class=\"wp-block-image\"><img loading=\"lazy\" decoding=\"async\" width=\"1024\" height=\"632\" src=\"http:\/\/www.elsindical.com.ar\/notas\/var\/www\/html\/notas\/wp-content\/uploads\/2018\/12\/1daf07f2-f861-46ac-82c3-012fa7ae9835-1024x632.png\" alt=\"\" class=\"wp-image-83409\" srcset=\"https:\/\/www.elsindical.com.ar\/notas\/var\/www\/html\/notas\/wp-content\/uploads\/2018\/12\/1daf07f2-f861-46ac-82c3-012fa7ae9835.png 1024w, https:\/\/www.elsindical.com.ar\/notas\/var\/www\/html\/notas\/wp-content\/uploads\/2018\/12\/1daf07f2-f861-46ac-82c3-012fa7ae9835-300x185.png 300w, https:\/\/www.elsindical.com.ar\/notas\/var\/www\/html\/notas\/wp-content\/uploads\/2018\/12\/1daf07f2-f861-46ac-82c3-012fa7ae9835-768x474.png 768w, https:\/\/www.elsindical.com.ar\/notas\/var\/www\/html\/notas\/wp-content\/uploads\/2018\/12\/1daf07f2-f861-46ac-82c3-012fa7ae9835-486x300.png 486w\" sizes=\"auto, (max-width: 1024px) 100vw, 1024px\" \/><\/figure>\n","protected":false},"excerpt":{"rendered":"<p>La pol\u00edtica gubernamental intervencionista de los sindicatos consigui\u00f3 una asombrosa unidad. Abogados de sindicatos de todas las tradiciones pol\u00edticas, desde la ortodoxia a las expresiones m\u00e1s combativas, tambi\u00e9n\u00a0las organizaciones afines al kircherismo como los sectores de la izquierda, confluyeron en un \u00fanico espacio, el Foro de Abogadas y Abogados de Organizaciones Sindicales, que difundi\u00f3 su&hellip;<\/p>\n","protected":false},"author":1,"featured_media":83408,"comment_status":"open","ping_status":"open","sticky":false,"template":"","format":"standard","meta":{"footnotes":""},"categories":[20],"tags":[760,290,910],"class_list":["post-83407","post","type-post","status-publish","format-standard","has-post-thumbnail","hentry","category-judiciales","tag-abogados","tag-ate","tag-cgt"],"_links":{"self":[{"href":"https:\/\/www.elsindical.com.ar\/notas\/wp-json\/wp\/v2\/posts\/83407","targetHints":{"allow":["GET"]}}],"collection":[{"href":"https:\/\/www.elsindical.com.ar\/notas\/wp-json\/wp\/v2\/posts"}],"about":[{"href":"https:\/\/www.elsindical.com.ar\/notas\/wp-json\/wp\/v2\/types\/post"}],"author":[{"embeddable":true,"href":"https:\/\/www.elsindical.com.ar\/notas\/wp-json\/wp\/v2\/users\/1"}],"replies":[{"embeddable":true,"href":"https:\/\/www.elsindical.com.ar\/notas\/wp-json\/wp\/v2\/comments?post=83407"}],"version-history":[{"count":1,"href":"https:\/\/www.elsindical.com.ar\/notas\/wp-json\/wp\/v2\/posts\/83407\/revisions"}],"predecessor-version":[{"id":83410,"href":"https:\/\/www.elsindical.com.ar\/notas\/wp-json\/wp\/v2\/posts\/83407\/revisions\/83410"}],"wp:featuredmedia":[{"embeddable":true,"href":"https:\/\/www.elsindical.com.ar\/notas\/wp-json\/wp\/v2\/media\/83408"}],"wp:attachment":[{"href":"https:\/\/www.elsindical.com.ar\/notas\/wp-json\/wp\/v2\/media?parent=83407"}],"wp:term":[{"taxonomy":"category","embeddable":true,"href":"https:\/\/www.elsindical.com.ar\/notas\/wp-json\/wp\/v2\/categories?post=83407"},{"taxonomy":"post_tag","embeddable":true,"href":"https:\/\/www.elsindical.com.ar\/notas\/wp-json\/wp\/v2\/tags?post=83407"}],"curies":[{"name":"wp","href":"https:\/\/api.w.org\/{rel}","templated":true}]}}