{"id":83404,"date":"2018-12-14T18:05:48","date_gmt":"2018-12-14T21:05:48","guid":{"rendered":"http:\/\/www.elsindical.com.ar\/notas\/?p=83404"},"modified":"2018-12-14T18:05:48","modified_gmt":"2018-12-14T21:05:48","slug":"si-una-mujer-dice-no-es-no-miracomonosponemos-en-el-sadem","status":"publish","type":"post","link":"https:\/\/www.elsindical.com.ar\/notas\/si-una-mujer-dice-no-es-no-miracomonosponemos-en-el-sadem\/","title":{"rendered":"Si una Mujer dice NO, es NO !!! #MiraComoNosPonemos en el SADEM"},"content":{"rendered":"\n<figure class=\"wp-block-image\"><img loading=\"lazy\" decoding=\"async\" width=\"468\" height=\"320\" src=\"http:\/\/www.elsindical.com.ar\/notas\/var\/www\/html\/notas\/wp-content\/uploads\/2018\/12\/SADEM-NO-ES-NO.jpg\" alt=\"\" class=\"wp-image-83405\" srcset=\"https:\/\/www.elsindical.com.ar\/notas\/var\/www\/html\/notas\/wp-content\/uploads\/2018\/12\/SADEM-NO-ES-NO.jpg 468w, https:\/\/www.elsindical.com.ar\/notas\/var\/www\/html\/notas\/wp-content\/uploads\/2018\/12\/SADEM-NO-ES-NO-300x205.jpg 300w, https:\/\/www.elsindical.com.ar\/notas\/var\/www\/html\/notas\/wp-content\/uploads\/2018\/12\/SADEM-NO-ES-NO-439x300.jpg 439w\" sizes=\"auto, (max-width: 468px) 100vw, 468px\" \/><\/figure>\n\n\n\n<p>Mir\u00e1 como nos ponemos en el SADEM! \u00a1NO ES NO!<\/p>\n\n\n\n<p>La\n cruda denuncia de violaci\u00f3n de la actriz Thelma Fard\u00edn en el lugar de \ntrabajo, la necesidad de que 400 compa\u00f1eras actrices tuvieran que \nacompa\u00f1arla para vulnerar el blindaje patronal al violador, es un paso \nm\u00e1s contra la violencia de g\u00e9nero. Tambi\u00e9n pone sobre la mesa las \ncondiciones de trabajo de menores artistas.<\/p>\n\n\n\n<p>Ninguna\n de estas cuestiones nos sorprende hoy en el SADEM, estamos preparados \npara recibir denuncias y acompa\u00f1ar a las v\u00edctimas de cualquiera de las \nformas de violencia contra la mujer o ni\u00f1os.<\/p>\n\n\n\n<p>Vimos\n el problema de los abusos en el trabajo e iniciamos hace tres a\u00f1os la \ncampa\u00f1a permanente del \u00a1NO ES NO! orientada a lasv\u00edctimas y victimarios.\n La intensa actividad nos llev\u00f3 a que, en el nuevo consejo directivo que\n asumi\u00f3 en Setiembre de 2018, cre\u00e1ramos la Secretar\u00eda de G\u00e9nero y \nDiversidad para que centralice las actividades de atenci\u00f3n a las \ncompa\u00f1eras y la coordinaci\u00f3n de la lucha con otros colectivos y creamos \nespacios de debate como \u201cMUJERES EN LA M\u00daSICA, UN ESPACIO PARA CONSTRUIR\n ENTRE TODES\u201d. Asumimos la responsabilidad de luchar por la equidad en \ncada sector de la profesi\u00f3n, en ese sentido apoyamos el proyecto de ley \nde espacios para las mujeres en los festivales, en cada proyecto de \nnormativa nacional, provincial o municipal avanzamos hacia la equidad de\n contrataci\u00f3n y condiciones laborales y nos comprometimos en el Taller \nde Mujeres de Uruguay del Grupo Regional de Sindicatos de M\u00fasicos de FIM\n en trabajar para alcanzar la mitad de mujeres empadronadas y la \nintegraci\u00f3n del 50 % del Consejo Directivo por mujeres.<\/p>\n\n\n\n<p>Nuestra\n lucha por las condiciones de trabajo de menores m\u00fasicos tiene ya una \nlarga historia. Desde aquel a\u00f1o 2000 donde detectamos el trabajo de los \nmenores del Coro de Ni\u00f1os del Teatro Col\u00f3n en condiciones ilegales en el\n video del fin de siglo, que desemboc\u00f3 en las denuncias de las \ncondiciones que ese mismo coro ten\u00eda y tiene en el propio Teatro Col\u00f3n, \nnos llev\u00f3 a un largo proceso judicial que luego de diez a\u00f1os nos dio la \nraz\u00f3n pero no consigui\u00f3 que el Teatro Col\u00f3n modificara las condiciones \nen las que hoy trabaja el coro, tambi\u00e9n gener\u00f3 la normativa espec\u00edfica \npara que los ni\u00f1os contratados en la<\/p>\n\n\n\n<p>actividad\n privada est\u00e9n protegidos, la creaci\u00f3n de una oficina especial en la \nSecretar\u00eda de Trabajo, oficina que el Gobierno de la Ciudad disolvi\u00f3 por\n una denuncia de SADEM por la participaci\u00f3n de ni\u00f1os en el show de Roger\n Waters. Toda esta lucha no alcanz\u00f3 TODAV\u00cdA para que el estado cumpla \ncon sus obligaciones con el trabajo de menores pero sirvi\u00f3 para crear la\n normativa que protege hoy a los trabajadores menores en la actividad \nprivada.<\/p>\n\n\n\n<p>El\n SADEM pelea por tus derechos y hace a\u00f1os viene trabajando en esta \nproblem\u00e1tica que se profundiza. Tenemos la experiencia y los medios para\n escucharte y llevar tu denuncia de la mejor forma, sabemos lo que te \nest\u00e1 pasando\u2026<\/p>\n\n\n\n<p>\u00a1DENUNCI\u00c1!\n \u00a1AYUD\u00c1 A TU COMPA\u00d1ERA A DENUNCIAR LO QUE LE EST\u00c1 PASANDO! TERMINAR CON \nLOS ABUSOS EN EL LUGAR DE TRABAJO, EN EL SENO FAMILIAR O EN LA CALLE ES \nCOSA DE TODOS. TE ESPERAMOS EN EL SADEM, O DENUNCI\u00c1 EN LAS LINEAS 144 \nASISTENCIA Y PREVENCI\u00d3N DE VIOLENCIA DE G\u00c9NERO, 137 ATENCION A V\u00cdCTIMAS \nDE VIOLENCIA FAMILIAR, O AL 0800-222-1717, ATENCI\u00d3N A V\u00cdCTIMAS DE ABUSO \nSEXUAL INFANTIL. AYUDANOS A DIFUNDIR ESTE MENSAJE!!! MIRA COMO NOS \nPONEMOS!<\/p>\n\n\n\n<p>#NoEsNo<\/p>\n\n\n\n<p>#MiraComoNosPonemos<\/p>\n","protected":false},"excerpt":{"rendered":"<p>Mir\u00e1 como nos ponemos en el SADEM! \u00a1NO ES NO! La cruda denuncia de violaci\u00f3n de la actriz Thelma Fard\u00edn en el lugar de trabajo, la necesidad de que 400 compa\u00f1eras actrices tuvieran que acompa\u00f1arla para vulnerar el blindaje patronal al violador, es un paso m\u00e1s contra la violencia de g\u00e9nero. Tambi\u00e9n pone sobre la&hellip;<\/p>\n","protected":false},"author":1,"featured_media":83405,"comment_status":"open","ping_status":"open","sticky":false,"template":"","format":"standard","meta":{"footnotes":""},"categories":[16],"tags":[3545,6393,30016,572],"class_list":["post-83404","post","type-post","status-publish","format-standard","has-post-thumbnail","hentry","category-gremiales","tag-artistas","tag-sadem","tag-thelma-fardin","tag-violencia-de-genero"],"_links":{"self":[{"href":"https:\/\/www.elsindical.com.ar\/notas\/wp-json\/wp\/v2\/posts\/83404","targetHints":{"allow":["GET"]}}],"collection":[{"href":"https:\/\/www.elsindical.com.ar\/notas\/wp-json\/wp\/v2\/posts"}],"about":[{"href":"https:\/\/www.elsindical.com.ar\/notas\/wp-json\/wp\/v2\/types\/post"}],"author":[{"embeddable":true,"href":"https:\/\/www.elsindical.com.ar\/notas\/wp-json\/wp\/v2\/users\/1"}],"replies":[{"embeddable":true,"href":"https:\/\/www.elsindical.com.ar\/notas\/wp-json\/wp\/v2\/comments?post=83404"}],"version-history":[{"count":1,"href":"https:\/\/www.elsindical.com.ar\/notas\/wp-json\/wp\/v2\/posts\/83404\/revisions"}],"predecessor-version":[{"id":83406,"href":"https:\/\/www.elsindical.com.ar\/notas\/wp-json\/wp\/v2\/posts\/83404\/revisions\/83406"}],"wp:featuredmedia":[{"embeddable":true,"href":"https:\/\/www.elsindical.com.ar\/notas\/wp-json\/wp\/v2\/media\/83405"}],"wp:attachment":[{"href":"https:\/\/www.elsindical.com.ar\/notas\/wp-json\/wp\/v2\/media?parent=83404"}],"wp:term":[{"taxonomy":"category","embeddable":true,"href":"https:\/\/www.elsindical.com.ar\/notas\/wp-json\/wp\/v2\/categories?post=83404"},{"taxonomy":"post_tag","embeddable":true,"href":"https:\/\/www.elsindical.com.ar\/notas\/wp-json\/wp\/v2\/tags?post=83404"}],"curies":[{"name":"wp","href":"https:\/\/api.w.org\/{rel}","templated":true}]}}