{"id":83399,"date":"2018-12-14T18:01:01","date_gmt":"2018-12-14T21:01:01","guid":{"rendered":"http:\/\/www.elsindical.com.ar\/notas\/?p=83399"},"modified":"2018-12-14T18:01:01","modified_gmt":"2018-12-14T21:01:01","slug":"esteban-echeverria-denuncian-brutal-represion-policial-a-trabajadores-de-cresta-roja","status":"publish","type":"post","link":"https:\/\/www.elsindical.com.ar\/notas\/esteban-echeverria-denuncian-brutal-represion-policial-a-trabajadores-de-cresta-roja\/","title":{"rendered":"Esteban Echeverr\u00eda: Denuncian brutal represi\u00f3n policial a trabajadores de Cresta Roja"},"content":{"rendered":"\n<figure class=\"wp-block-image\"><img loading=\"lazy\" decoding=\"async\" width=\"700\" height=\"418\" src=\"http:\/\/www.elsindical.com.ar\/notas\/var\/www\/html\/notas\/wp-content\/uploads\/2018\/12\/image1.png\" alt=\"\" class=\"wp-image-83400\" srcset=\"https:\/\/www.elsindical.com.ar\/notas\/var\/www\/html\/notas\/wp-content\/uploads\/2018\/12\/image1.png 700w, https:\/\/www.elsindical.com.ar\/notas\/var\/www\/html\/notas\/wp-content\/uploads\/2018\/12\/image1-300x179.png 300w, https:\/\/www.elsindical.com.ar\/notas\/var\/www\/html\/notas\/wp-content\/uploads\/2018\/12\/image1-500x300.png 500w\" sizes=\"auto, (max-width: 700px) 100vw, 700px\" \/><\/figure>\n\n\n\n<p>Los obreros de Cresta Roja que est\u00e1bamos haciendo una olla popular en las puertas de la planta para reclamar por nuestra reincorporaci\u00f3n, y a su vez colaborar con los chicos del barrio que sufren la pobreza, fuimos brutalmente reprimidos por la polic\u00eda de Vidal. Lo \u00fanico que queremos es que la gobernadora cumpla con lo que dijo en su momento cuando reinaugur\u00f3 la planta: que los obreros de Cresta Roja volvamos a trabajar.\u00a0<\/p>\n\n\n\n<p>Cuando la UCA denuncia que hay 13 millones de pobres en el pa\u00eds y que la pobreza creci\u00f3 un 33,6% el gobierno decide reprimir a los que nada m\u00e1s queremos trabajar, mientras defiende a empresarios inescrupulosos que han recibido enormes subsidios y beneficios y no nos quieren reincorporar. Detr\u00e1s de cada obrero de Cresta Roja hay una familia y mujeres que sufren por la desocupaci\u00f3n y la pobreza. Eso tambi\u00e9n es violencia y abuso, como denuncian tambi\u00e9n las obreras de SIAM.\u00a0<\/p>\n\n\n\n<p><strong>Denunciamos la represi\u00f3n y exigimos nuestra inmediata reincorporaci\u00f3n. \u00a1Que la empresa y el gobierno cumplan!<\/strong>&nbsp; &nbsp; &nbsp; &nbsp; &nbsp; &nbsp;<br><\/p>\n\n\n\n<p><strong>Contacto:&nbsp;<\/strong><\/p>\n\n\n\n<p><strong>Santiago Fontana: 11 3383 9538<br><\/strong><\/p>\n\n\n\n<p><strong>Walter Leguizam\u00f3n: 11 3768 1768<\/strong><\/p>\n\n\n\n<p><strong>Leo Romero: 11 5061 7215<\/strong><\/p>\n\n\n\n<ul class=\"wp-block-gallery columns-1 is-cropped wp-block-gallery-1 is-layout-flex wp-block-gallery-is-layout-flex\"><li class=\"blocks-gallery-item\"><figure><img loading=\"lazy\" decoding=\"async\" width=\"701\" height=\"393\" src=\"http:\/\/www.elsindical.com.ar\/notas\/var\/www\/html\/notas\/wp-content\/uploads\/2018\/12\/image2.png\" alt=\"\" data-id=\"83401\" data-link=\"http:\/\/www.elsindical.com.ar\/notas\/?attachment_id=83401#main\" class=\"wp-image-83401\" srcset=\"https:\/\/www.elsindical.com.ar\/notas\/var\/www\/html\/notas\/wp-content\/uploads\/2018\/12\/image2.png 701w, https:\/\/www.elsindical.com.ar\/notas\/var\/www\/html\/notas\/wp-content\/uploads\/2018\/12\/image2-300x168.png 300w, https:\/\/www.elsindical.com.ar\/notas\/var\/www\/html\/notas\/wp-content\/uploads\/2018\/12\/image2-500x280.png 500w\" sizes=\"auto, (max-width: 701px) 100vw, 701px\" \/><\/figure><\/li><li class=\"blocks-gallery-item\"><figure><img loading=\"lazy\" decoding=\"async\" width=\"701\" height=\"400\" src=\"http:\/\/www.elsindical.com.ar\/notas\/var\/www\/html\/notas\/wp-content\/uploads\/2018\/12\/image.png\" alt=\"\" data-id=\"83402\" data-link=\"http:\/\/www.elsindical.com.ar\/notas\/?attachment_id=83402#main\" class=\"wp-image-83402\" srcset=\"https:\/\/www.elsindical.com.ar\/notas\/var\/www\/html\/notas\/wp-content\/uploads\/2018\/12\/image.png 701w, https:\/\/www.elsindical.com.ar\/notas\/var\/www\/html\/notas\/wp-content\/uploads\/2018\/12\/image-300x171.png 300w, https:\/\/www.elsindical.com.ar\/notas\/var\/www\/html\/notas\/wp-content\/uploads\/2018\/12\/image-500x285.png 500w, https:\/\/www.elsindical.com.ar\/notas\/var\/www\/html\/notas\/wp-content\/uploads\/2018\/12\/image-220x126.png 220w\" sizes=\"auto, (max-width: 701px) 100vw, 701px\" \/><\/figure><\/li><\/ul>\n","protected":false},"excerpt":{"rendered":"<p>Los obreros de Cresta Roja que est\u00e1bamos haciendo una olla popular en las puertas de la planta para reclamar por nuestra reincorporaci\u00f3n, y a su vez colaborar con los chicos del barrio que sufren la pobreza, fuimos brutalmente reprimidos por la polic\u00eda de Vidal. Lo \u00fanico que queremos es que la gobernadora cumpla con lo&hellip;<\/p>\n","protected":false},"author":1,"featured_media":83400,"comment_status":"open","ping_status":"open","sticky":false,"template":"","format":"standard","meta":{"footnotes":""},"categories":[6],"tags":[19744,53,1905],"class_list":["post-83399","post","type-post","status-publish","format-standard","has-post-thumbnail","hentry","category-denuncias","tag-cresta-roja","tag-despidos","tag-esteban-echeverria"],"_links":{"self":[{"href":"https:\/\/www.elsindical.com.ar\/notas\/wp-json\/wp\/v2\/posts\/83399","targetHints":{"allow":["GET"]}}],"collection":[{"href":"https:\/\/www.elsindical.com.ar\/notas\/wp-json\/wp\/v2\/posts"}],"about":[{"href":"https:\/\/www.elsindical.com.ar\/notas\/wp-json\/wp\/v2\/types\/post"}],"author":[{"embeddable":true,"href":"https:\/\/www.elsindical.com.ar\/notas\/wp-json\/wp\/v2\/users\/1"}],"replies":[{"embeddable":true,"href":"https:\/\/www.elsindical.com.ar\/notas\/wp-json\/wp\/v2\/comments?post=83399"}],"version-history":[{"count":1,"href":"https:\/\/www.elsindical.com.ar\/notas\/wp-json\/wp\/v2\/posts\/83399\/revisions"}],"predecessor-version":[{"id":83403,"href":"https:\/\/www.elsindical.com.ar\/notas\/wp-json\/wp\/v2\/posts\/83399\/revisions\/83403"}],"wp:featuredmedia":[{"embeddable":true,"href":"https:\/\/www.elsindical.com.ar\/notas\/wp-json\/wp\/v2\/media\/83400"}],"wp:attachment":[{"href":"https:\/\/www.elsindical.com.ar\/notas\/wp-json\/wp\/v2\/media?parent=83399"}],"wp:term":[{"taxonomy":"category","embeddable":true,"href":"https:\/\/www.elsindical.com.ar\/notas\/wp-json\/wp\/v2\/categories?post=83399"},{"taxonomy":"post_tag","embeddable":true,"href":"https:\/\/www.elsindical.com.ar\/notas\/wp-json\/wp\/v2\/tags?post=83399"}],"curies":[{"name":"wp","href":"https:\/\/api.w.org\/{rel}","templated":true}]}}