{"id":83393,"date":"2018-12-14T12:27:25","date_gmt":"2018-12-14T15:27:25","guid":{"rendered":"http:\/\/www.elsindical.com.ar\/notas\/?p=83393"},"modified":"2018-12-14T12:27:25","modified_gmt":"2018-12-14T15:27:25","slug":"argentina-vuelve-a-tomar-deuda-esta-vez-un-prestamo-por-usd-1-250-millones-del-birf","status":"publish","type":"post","link":"https:\/\/www.elsindical.com.ar\/notas\/argentina-vuelve-a-tomar-deuda-esta-vez-un-prestamo-por-usd-1-250-millones-del-birf\/","title":{"rendered":"Argentina vuelve a tomar deuda: esta vez, un pr\u00e9stamo por USD 1.250 millones del BIRF"},"content":{"rendered":"\n<figure class=\"wp-block-image\"><img loading=\"lazy\" decoding=\"async\" width=\"970\" height=\"546\" src=\"http:\/\/www.elsindical.com.ar\/notas\/var\/www\/html\/notas\/wp-content\/uploads\/2018\/12\/d\u00f3lares-pila.jpg\" alt=\"\" class=\"wp-image-83394\" srcset=\"https:\/\/www.elsindical.com.ar\/notas\/var\/www\/html\/notas\/wp-content\/uploads\/2018\/12\/d\u00f3lares-pila.jpg 970w, https:\/\/www.elsindical.com.ar\/notas\/var\/www\/html\/notas\/wp-content\/uploads\/2018\/12\/d\u00f3lares-pila-300x169.jpg 300w, https:\/\/www.elsindical.com.ar\/notas\/var\/www\/html\/notas\/wp-content\/uploads\/2018\/12\/d\u00f3lares-pila-768x432.jpg 768w, https:\/\/www.elsindical.com.ar\/notas\/var\/www\/html\/notas\/wp-content\/uploads\/2018\/12\/d\u00f3lares-pila-500x281.jpg 500w, https:\/\/www.elsindical.com.ar\/notas\/var\/www\/html\/notas\/wp-content\/uploads\/2018\/12\/d\u00f3lares-pila-460x260.jpg 460w\" sizes=\"auto, (max-width: 970px) 100vw, 970px\" \/><\/figure>\n\n\n\n<p>Ser\u00e1 utilizado para financiar pol\u00edticas de desarrollo inclusivo, cobertura universal de salud y protecci\u00f3n de la ni\u00f1ez.<\/p>\n\n\n\n<p>El Banco Internacional de Reconstrucci\u00f3n y Fomento (BIRF) \ndesembolsar\u00e1 unos 1.250 millones de d\u00f3lares destinados a financiar \npol\u00edticas de desarrollo inclusivo, cobertura universal de salud y \nprotecci\u00f3n de la ni\u00f1ez.<\/p>\n\n\n\n<p>Los tres decretos llevan la firma del presidente Mauricio Macri; del \njefe de Gabinete, Marcos Pe\u00f1a; de la ministra de Salud y Desarrollo \nSocial, Carolina Stanley; y el titular de Hacienda, Nicol\u00e1s Dujovne, \nquien ser\u00e1 encargado de administrar los fondos.<\/p>\n\n\n\n<p>El primero de los contratos aprobados es por 500 millones de d\u00f3lares,\n destinado a financiar el \u201cPrimer Pr\u00e9stamo Program\u00e1tico para Pol\u00edticas \nde Desarrollo Inclusivo\u201d, se inform\u00f3 en el texto publicado en el Bolet\u00edn\n Oficial.<\/p>\n\n\n\n<p>El objetivo del Proyecto es apoyar pol\u00edticas p\u00fablicas clave para el \ncrecimiento con equidad, a trav\u00e9s de dos pilares: fortalecer las bases \npara el crecimiento liderado por el sector privado, a trav\u00e9s del aumento\n de la inversi\u00f3n privada, fortalecer el r\u00e9gimen anticorrupci\u00f3n, que \nmejore a su vez el marco institucional y los sistemas procesales y \njudiciales; y reforzar las redes de seguridad social y mejorar la \nequidad fiscal, estableciendo una pol\u00edtica fiscal compartida en forma \nequitativa, detalla el texto.<\/p>\n\n\n\n<p>Adem\u00e1s, el Ejecutivo valid\u00f3 otro contrato por 450 millones de d\u00f3lares\n que financiar\u00e1n proyectos para la protecci\u00f3n de ni\u00f1os y j\u00f3venes.<\/p>\n\n\n\n<p>Ese pr\u00e9stamo ser\u00e1 utilizado para expandir la cobertura de los \nProgramas de Asignaciones Familiares y mejorar la transparencia de los \nprogramas de protecci\u00f3n social implementados por la Anses.\u00bb Este \nFinanciamiento Adicional ser\u00e1 asignado al componente correspondiente a \nla financiaci\u00f3n del Programa de Asignaci\u00f3n Universal por Hijo ( AUH)\u00bb, \nmenciona el texto.<\/p>\n\n\n\n<p>El tercer pr\u00e9stamo del BIRF es por 300 millones que est\u00e1n destinados a\n financiar parcialmente el \u201cApoyo del Proyecto de Cobertura Universal de\n Salud Efectiva en Argentina\u201d, seg\u00fan el texto del decreto.<\/p>\n\n\n\n<p>Procura incrementar la cobertura efectiva y equitativa de los \nservicios sanitarios clave suministrados a la poblaci\u00f3n elegible y \naumentar la capacidad institucional del Ministerio de Salud y Desarrollo\n Social y los Ministerios de Salud Provinciales para implementar los \nmecanismos para un sistema integrado de servicios.<\/p>\n","protected":false},"excerpt":{"rendered":"<p>Ser\u00e1 utilizado para financiar pol\u00edticas de desarrollo inclusivo, cobertura universal de salud y protecci\u00f3n de la ni\u00f1ez. El Banco Internacional de Reconstrucci\u00f3n y Fomento (BIRF) desembolsar\u00e1 unos 1.250 millones de d\u00f3lares destinados a financiar pol\u00edticas de desarrollo inclusivo, cobertura universal de salud y protecci\u00f3n de la ni\u00f1ez. Los tres decretos llevan la firma del presidente&hellip;<\/p>\n","protected":false},"author":1,"featured_media":83394,"comment_status":"open","ping_status":"open","sticky":false,"template":"","format":"standard","meta":{"footnotes":""},"categories":[9],"tags":[30034,1590,375],"class_list":["post-83393","post","type-post","status-publish","format-standard","has-post-thumbnail","hentry","category-economia","tag-birf","tag-deuda","tag-gobierno"],"_links":{"self":[{"href":"https:\/\/www.elsindical.com.ar\/notas\/wp-json\/wp\/v2\/posts\/83393","targetHints":{"allow":["GET"]}}],"collection":[{"href":"https:\/\/www.elsindical.com.ar\/notas\/wp-json\/wp\/v2\/posts"}],"about":[{"href":"https:\/\/www.elsindical.com.ar\/notas\/wp-json\/wp\/v2\/types\/post"}],"author":[{"embeddable":true,"href":"https:\/\/www.elsindical.com.ar\/notas\/wp-json\/wp\/v2\/users\/1"}],"replies":[{"embeddable":true,"href":"https:\/\/www.elsindical.com.ar\/notas\/wp-json\/wp\/v2\/comments?post=83393"}],"version-history":[{"count":1,"href":"https:\/\/www.elsindical.com.ar\/notas\/wp-json\/wp\/v2\/posts\/83393\/revisions"}],"predecessor-version":[{"id":83395,"href":"https:\/\/www.elsindical.com.ar\/notas\/wp-json\/wp\/v2\/posts\/83393\/revisions\/83395"}],"wp:featuredmedia":[{"embeddable":true,"href":"https:\/\/www.elsindical.com.ar\/notas\/wp-json\/wp\/v2\/media\/83394"}],"wp:attachment":[{"href":"https:\/\/www.elsindical.com.ar\/notas\/wp-json\/wp\/v2\/media?parent=83393"}],"wp:term":[{"taxonomy":"category","embeddable":true,"href":"https:\/\/www.elsindical.com.ar\/notas\/wp-json\/wp\/v2\/categories?post=83393"},{"taxonomy":"post_tag","embeddable":true,"href":"https:\/\/www.elsindical.com.ar\/notas\/wp-json\/wp\/v2\/tags?post=83393"}],"curies":[{"name":"wp","href":"https:\/\/api.w.org\/{rel}","templated":true}]}}