{"id":83327,"date":"2018-12-13T00:08:32","date_gmt":"2018-12-13T03:08:32","guid":{"rendered":"http:\/\/www.elsindical.com.ar\/notas\/?p=83327"},"modified":"2018-12-13T00:08:32","modified_gmt":"2018-12-13T03:08:32","slug":"jueves-13-12-730-h-corte-de-trabajadores-de-siam-en-puente-pueyrredon-avellaneda","status":"publish","type":"post","link":"https:\/\/www.elsindical.com.ar\/notas\/jueves-13-12-730-h-corte-de-trabajadores-de-siam-en-puente-pueyrredon-avellaneda\/","title":{"rendered":"Jueves 13\/12 &#8211; 7:30 h  Corte de trabajadores de SIAM en Puente Pueyrred\u00f3n, Avellaneda"},"content":{"rendered":"\n<figure class=\"wp-block-image\"><img loading=\"lazy\" decoding=\"async\" width=\"800\" height=\"460\" src=\"http:\/\/www.elsindical.com.ar\/notas\/var\/www\/html\/notas\/wp-content\/uploads\/2018\/12\/corte-Puente-Pueyrred\u00f3n.png\" alt=\"\" class=\"wp-image-83328\" srcset=\"https:\/\/www.elsindical.com.ar\/notas\/var\/www\/html\/notas\/wp-content\/uploads\/2018\/12\/corte-Puente-Pueyrred\u00f3n.png 800w, https:\/\/www.elsindical.com.ar\/notas\/var\/www\/html\/notas\/wp-content\/uploads\/2018\/12\/corte-Puente-Pueyrred\u00f3n-300x173.png 300w, https:\/\/www.elsindical.com.ar\/notas\/var\/www\/html\/notas\/wp-content\/uploads\/2018\/12\/corte-Puente-Pueyrred\u00f3n-768x442.png 768w, https:\/\/www.elsindical.com.ar\/notas\/var\/www\/html\/notas\/wp-content\/uploads\/2018\/12\/corte-Puente-Pueyrred\u00f3n-500x288.png 500w, https:\/\/www.elsindical.com.ar\/notas\/var\/www\/html\/notas\/wp-content\/uploads\/2018\/12\/corte-Puente-Pueyrred\u00f3n-220x126.png 220w\" sizes=\"auto, (max-width: 800px) 100vw, 800px\" \/><\/figure>\n\n\n\n<p class=\"wp-block-paragraph\">Este jueves, 13 de diciembre, los trabajadores de Siam en lucha realizaremos un corte en el Puente Pueyrred\u00f3n, para exigir a la gobernadora Vidal que interceda para que la empresa Pilisar S. A.-Siam cumpla sus obligaciones y reincorpore a los despedidos.<\/p>\n\n\n\n<p class=\"wp-block-paragraph\">El pasado lunes, llevamos nuestro reclamo a una audiencia convocada por el Ministerio de Trabajo de La Plata. En la misma, frente a la negativa de la empresa de reincorporar a los 20 trabajadores despedidos, se resolvio extender la conciliaci\u00f3n obligatoria hasta el viernes 14\/12. Siguen jugando con el pan de nuestros hijos.<\/p>\n\n\n\n<p class=\"wp-block-paragraph\">Como venimos denunciando, la mayor parte de la empresa le pertenece a Rub\u00e9n Cher\u00f1ajovsky, una de las personas m\u00e1s ricas del pa\u00eds. Este multimillonario no cumple la conciliaci\u00f3n obligatoria y tampoco las leyes provinciales por las que obtuvo la expropiaci\u00f3n de la planta Siam, con las que se benefici\u00f3 y beneficia con importante subsidios. Hab\u00eda prometido generar 600 puestos de trabajo, pero en los \u00faltimos meses, despidi\u00f3 a 165 trabajadores, \u00a1hoy solamente quedan 60 en la planta! Y 20 de nosotros estamos enfrentando los despidos, junto a nuestras familias.\u00a0<\/p>\n\n\n\n<p class=\"wp-block-paragraph\">Por otra parte, estamos exigiendo a nuestro gremio la UOM-Avellaneda que tome medidas contundentes para lograr nuestra reincorporaci\u00f3n y para frenar los despidos en la industria metal\u00fargica que ya son cientos de miles. Para eso necesitamos asambleas en todas las f\u00e1bricas y un paro nacional contra los despidos.<\/p>\n\n\n\n<p class=\"wp-block-paragraph\">Los trabajadores de Siam y nuestras familias estamos dispuestos a seguir la pelea y lo demostramos en cada paso que damos. Por esto, le exigimos a la gobernadora Vidal que no avale ninguna estafa al Estado, que interceda para que la empresa cumpla sus obligaciones y que nos reincorpore a todos.\u00a0<\/p>\n\n\n\n<p class=\"wp-block-paragraph\">Queremos volver a trabajar y pasar estas fiestas con nuestras familias en paz.\u00a0<\/p>\n\n\n\n<p class=\"wp-block-paragraph\"><strong>Trabajadores de Siam en Lucha<\/strong><br><\/p>\n\n\n\n<p class=\"wp-block-paragraph\">Alejandra 1522826950<\/p>\n\n\n\n<p class=\"wp-block-paragraph\">Luciano 1554971104<\/p>\n\n\n\n<p class=\"wp-block-paragraph\">Elais 1558161898<\/p>\n\n\n\n<p class=\"wp-block-paragraph\">Gustavo 1522945831<\/p>\n","protected":false},"excerpt":{"rendered":"<p>Este jueves, 13 de diciembre, los trabajadores de Siam en lucha realizaremos un corte en el Puente Pueyrred\u00f3n, para exigir a la gobernadora Vidal que interceda para que la empresa Pilisar S. A.-Siam cumpla sus obligaciones y reincorpore a los despedidos. El pasado lunes, llevamos nuestro reclamo a una audiencia convocada por el Ministerio de&hellip;<\/p>\n","protected":false},"author":1,"featured_media":83328,"comment_status":"open","ping_status":"open","sticky":false,"template":"","format":"standard","meta":{"footnotes":""},"categories":[16],"tags":[461,601,125,1264],"class_list":["post-83327","post","type-post","status-publish","format-standard","has-post-thumbnail","hentry","category-gremiales","tag-avellaneda","tag-puente-pueyrredon","tag-trabajadores","tag-uom"],"_links":{"self":[{"href":"https:\/\/www.elsindical.com.ar\/notas\/wp-json\/wp\/v2\/posts\/83327","targetHints":{"allow":["GET"]}}],"collection":[{"href":"https:\/\/www.elsindical.com.ar\/notas\/wp-json\/wp\/v2\/posts"}],"about":[{"href":"https:\/\/www.elsindical.com.ar\/notas\/wp-json\/wp\/v2\/types\/post"}],"author":[{"embeddable":true,"href":"https:\/\/www.elsindical.com.ar\/notas\/wp-json\/wp\/v2\/users\/1"}],"replies":[{"embeddable":true,"href":"https:\/\/www.elsindical.com.ar\/notas\/wp-json\/wp\/v2\/comments?post=83327"}],"version-history":[{"count":1,"href":"https:\/\/www.elsindical.com.ar\/notas\/wp-json\/wp\/v2\/posts\/83327\/revisions"}],"predecessor-version":[{"id":83329,"href":"https:\/\/www.elsindical.com.ar\/notas\/wp-json\/wp\/v2\/posts\/83327\/revisions\/83329"}],"wp:featuredmedia":[{"embeddable":true,"href":"https:\/\/www.elsindical.com.ar\/notas\/wp-json\/wp\/v2\/media\/83328"}],"wp:attachment":[{"href":"https:\/\/www.elsindical.com.ar\/notas\/wp-json\/wp\/v2\/media?parent=83327"}],"wp:term":[{"taxonomy":"category","embeddable":true,"href":"https:\/\/www.elsindical.com.ar\/notas\/wp-json\/wp\/v2\/categories?post=83327"},{"taxonomy":"post_tag","embeddable":true,"href":"https:\/\/www.elsindical.com.ar\/notas\/wp-json\/wp\/v2\/tags?post=83327"}],"curies":[{"name":"wp","href":"https:\/\/api.w.org\/{rel}","templated":true}]}}