{"id":83315,"date":"2018-12-12T13:33:32","date_gmt":"2018-12-12T16:33:32","guid":{"rendered":"http:\/\/www.elsindical.com.ar\/notas\/?p=83315"},"modified":"2018-12-12T13:33:32","modified_gmt":"2018-12-12T16:33:32","slug":"bragado-detienen-a-inspectora-que-vendia-motos-secuestradas-en-controles-de-transito","status":"publish","type":"post","link":"https:\/\/www.elsindical.com.ar\/notas\/bragado-detienen-a-inspectora-que-vendia-motos-secuestradas-en-controles-de-transito\/","title":{"rendered":"Bragado: Detienen a inspectora que vend\u00eda motos secuestradas en controles de tr\u00e1nsito"},"content":{"rendered":"\n<figure class=\"wp-block-image\"><img loading=\"lazy\" decoding=\"async\" width=\"970\" height=\"546\" src=\"http:\/\/www.elsindical.com.ar\/notas\/var\/www\/html\/notas\/wp-content\/uploads\/2018\/12\/inspectora-de-tr\u00e1nsito-detenida.jpg\" alt=\"\" class=\"wp-image-83316\" srcset=\"https:\/\/www.elsindical.com.ar\/notas\/var\/www\/html\/notas\/wp-content\/uploads\/2018\/12\/inspectora-de-tr\u00e1nsito-detenida.jpg 970w, https:\/\/www.elsindical.com.ar\/notas\/var\/www\/html\/notas\/wp-content\/uploads\/2018\/12\/inspectora-de-tr\u00e1nsito-detenida-300x169.jpg 300w, https:\/\/www.elsindical.com.ar\/notas\/var\/www\/html\/notas\/wp-content\/uploads\/2018\/12\/inspectora-de-tr\u00e1nsito-detenida-768x432.jpg 768w, https:\/\/www.elsindical.com.ar\/notas\/var\/www\/html\/notas\/wp-content\/uploads\/2018\/12\/inspectora-de-tr\u00e1nsito-detenida-500x281.jpg 500w, https:\/\/www.elsindical.com.ar\/notas\/var\/www\/html\/notas\/wp-content\/uploads\/2018\/12\/inspectora-de-tr\u00e1nsito-detenida-460x260.jpg 460w\" sizes=\"auto, (max-width: 970px) 100vw, 970px\" \/><\/figure>\n\n\n\n<p>El hecho sucedi\u00f3 en la localidad bonaerense de Bragado. La mujer detenida realizaba la venta de los rodados\u00a0cuando llegaban al\u00a0dep\u00f3sito judicial.<\/p>\n\n\n\n<p>Una mujer de 37 a\u00f1os, que trabaja como inspectora de tr\u00e1nsito del municipio de   Bragado ,fue detenida en las \u00faltimas horas por personal policial acusada de vender motos incautadas que estaban guardadas en un dep\u00f3sito judicial.<\/p>\n\n\n\n<p>La investigaci\u00f3n y el operativo lo llevaron a cabo numerarios de la DDI Mercedes y la SUB DDI   Bragado en la casa de la imputada ubicada en la \u00faltima ciudad.<\/p>\n\n\n\n<p>La pesquisa se origin\u00f3 luego de la denuncia realizada por el propio municipio, y de acuerdo a la causa judicial, la mujer fue aprehendida por estafa e incumplimiento de los deberes de funcionario p\u00fablico.<\/p>\n\n\n\n<p>En el procedimiento la polic\u00eda incaut\u00f3 tres celulares, dos handies y documentaci\u00f3n de inter\u00e9s.<\/p>\n\n\n\n<p>Intervienen la UFI N\u00b0 3 y el Juzgado de Garant\u00edas N\u00b0 2, ambos del Departamento Judicial de Mercedes.<\/p>\n\n\n\n<figure class=\"wp-block-image\"><img loading=\"lazy\" decoding=\"async\" width=\"745\" height=\"558\" src=\"http:\/\/www.elsindical.com.ar\/notas\/var\/www\/html\/notas\/wp-content\/uploads\/2018\/12\/allanamiento-a-inspectora-de-tr\u00e1nsito.jpg\" alt=\"\" class=\"wp-image-83317\" srcset=\"https:\/\/www.elsindical.com.ar\/notas\/var\/www\/html\/notas\/wp-content\/uploads\/2018\/12\/allanamiento-a-inspectora-de-tr\u00e1nsito.jpg 745w, https:\/\/www.elsindical.com.ar\/notas\/var\/www\/html\/notas\/wp-content\/uploads\/2018\/12\/allanamiento-a-inspectora-de-tr\u00e1nsito-300x225.jpg 300w, https:\/\/www.elsindical.com.ar\/notas\/var\/www\/html\/notas\/wp-content\/uploads\/2018\/12\/allanamiento-a-inspectora-de-tr\u00e1nsito-401x300.jpg 401w\" sizes=\"auto, (max-width: 745px) 100vw, 745px\" \/><\/figure>\n","protected":false},"excerpt":{"rendered":"<p>El hecho sucedi\u00f3 en la localidad bonaerense de Bragado. La mujer detenida realizaba la venta de los rodados\u00a0cuando llegaban al\u00a0dep\u00f3sito judicial. Una mujer de 37 a\u00f1os, que trabaja como inspectora de tr\u00e1nsito del municipio de Bragado ,fue detenida en las \u00faltimas horas por personal policial acusada de vender motos incautadas que estaban guardadas en un&hellip;<\/p>\n","protected":false},"author":1,"featured_media":83316,"comment_status":"open","ping_status":"open","sticky":false,"template":"","format":"standard","meta":{"footnotes":""},"categories":[22],"tags":[26794,30022,30021,146],"class_list":["post-83315","post","type-post","status-publish","format-standard","has-post-thumbnail","hentry","category-policiales","tag-bragado","tag-ddi-bragado","tag-inspectora-de-transito","tag-motos"],"_links":{"self":[{"href":"https:\/\/www.elsindical.com.ar\/notas\/wp-json\/wp\/v2\/posts\/83315","targetHints":{"allow":["GET"]}}],"collection":[{"href":"https:\/\/www.elsindical.com.ar\/notas\/wp-json\/wp\/v2\/posts"}],"about":[{"href":"https:\/\/www.elsindical.com.ar\/notas\/wp-json\/wp\/v2\/types\/post"}],"author":[{"embeddable":true,"href":"https:\/\/www.elsindical.com.ar\/notas\/wp-json\/wp\/v2\/users\/1"}],"replies":[{"embeddable":true,"href":"https:\/\/www.elsindical.com.ar\/notas\/wp-json\/wp\/v2\/comments?post=83315"}],"version-history":[{"count":1,"href":"https:\/\/www.elsindical.com.ar\/notas\/wp-json\/wp\/v2\/posts\/83315\/revisions"}],"predecessor-version":[{"id":83318,"href":"https:\/\/www.elsindical.com.ar\/notas\/wp-json\/wp\/v2\/posts\/83315\/revisions\/83318"}],"wp:featuredmedia":[{"embeddable":true,"href":"https:\/\/www.elsindical.com.ar\/notas\/wp-json\/wp\/v2\/media\/83316"}],"wp:attachment":[{"href":"https:\/\/www.elsindical.com.ar\/notas\/wp-json\/wp\/v2\/media?parent=83315"}],"wp:term":[{"taxonomy":"category","embeddable":true,"href":"https:\/\/www.elsindical.com.ar\/notas\/wp-json\/wp\/v2\/categories?post=83315"},{"taxonomy":"post_tag","embeddable":true,"href":"https:\/\/www.elsindical.com.ar\/notas\/wp-json\/wp\/v2\/tags?post=83315"}],"curies":[{"name":"wp","href":"https:\/\/api.w.org\/{rel}","templated":true}]}}