{"id":83309,"date":"2018-12-12T09:26:01","date_gmt":"2018-12-12T12:26:01","guid":{"rendered":"http:\/\/www.elsindical.com.ar\/notas\/?p=83309"},"modified":"2018-12-12T09:26:01","modified_gmt":"2018-12-12T12:26:01","slug":"sergio-schoklender-afronta-insolita-multa-de-750-por-no-pasar-alimentos","status":"publish","type":"post","link":"https:\/\/www.elsindical.com.ar\/notas\/sergio-schoklender-afronta-insolita-multa-de-750-por-no-pasar-alimentos\/","title":{"rendered":"Sergio Schoklender afronta ins\u00f3lita multa de $750 por no pasar alimentos"},"content":{"rendered":"\n<figure class=\"wp-block-image\"><img loading=\"lazy\" decoding=\"async\" width=\"1024\" height=\"628\" src=\"http:\/\/www.elsindical.com.ar\/notas\/var\/www\/html\/notas\/wp-content\/uploads\/2018\/12\/Sergio-Schoklender-1024x628.jpg\" alt=\"\" class=\"wp-image-83310\" srcset=\"https:\/\/www.elsindical.com.ar\/notas\/var\/www\/html\/notas\/wp-content\/uploads\/2018\/12\/Sergio-Schoklender-1024x628.jpg 1024w, https:\/\/www.elsindical.com.ar\/notas\/var\/www\/html\/notas\/wp-content\/uploads\/2018\/12\/Sergio-Schoklender-300x184.jpg 300w, https:\/\/www.elsindical.com.ar\/notas\/var\/www\/html\/notas\/wp-content\/uploads\/2018\/12\/Sergio-Schoklender-768x471.jpg 768w, https:\/\/www.elsindical.com.ar\/notas\/var\/www\/html\/notas\/wp-content\/uploads\/2018\/12\/Sergio-Schoklender-489x300.jpg 489w, https:\/\/www.elsindical.com.ar\/notas\/var\/www\/html\/notas\/wp-content\/uploads\/2018\/12\/Sergio-Schoklender.jpg 1170w\" sizes=\"auto, (max-width: 1024px) 100vw, 1024px\" \/><\/figure>\n\n\n\n<p>Tiene una hija en Tucum\u00e1n que ya cumpli\u00f3 20 a\u00f1os y s\u00f3lo lo vio una vez, aunque \u00e9l no le dirigi\u00f3 la palabra.<\/p>\n\n\n\n<p>Sergio Schoklender afronta hace 7 a\u00f1os un juicio por alimentos en \nTucum\u00e1n. La Justicia le orden\u00f3 depositar todos los meses $10.000 para su\n hija y donar a una instituci\u00f3n de bien p\u00fablico $300 por mes en \n\u00abinsumos\u00bb.<\/p>\n\n\n\n<p>A cuatro meses del acuerdo, a\u00fan no le envi\u00f3 dinero a su hija. El juez tucumano lo \u00abcastig\u00f3\u00bb con una multa ins\u00f3lita: 750 pesos.<\/p>\n\n\n\n<p>La ley 13.944 de \u00abincumplimiento de los deberes de asistencia \nfamiliar\u00bb estipula prisi\u00f3n de hasta dos a\u00f1os o multas de hasta $25.000 \npara los que incurran en ese delito. Algo muy por el contrario debi\u00f3 \nafrontar Schoklender.<\/p>\n\n\n\n<p>Madeleine estudia Derecho en Tucum\u00e1n y este lunes dio la \u00faltima materia con la que pas\u00f3 a tercer a\u00f1o de la carrera. Es hija de Sergio Schoklender y de Mar\u00eda Bel\u00e9n Schneer, quien conoci\u00f3 a Schoklender en 1995, cuando \u00e9ste fue a presentar un libro a Tucum\u00e1n tras cumplir la condena por el doble crimen de sus padres.<\/p>\n\n\n\n<p>En 2010 Schoklender pag\u00f3 una mensualidad de 2.000 que dur\u00f3 4 meses tras estallar el esc\u00e1ndalo por el desv\u00edo de fondos en la Fundaci\u00f3n y aleg\u00f3 que no pod\u00eda seguir pagando porque estaba \u00abquebrado\u00bb.<\/p>\n\n\n\n<p>Schoklender acaba de decirle al juez tucumano que tampoco ahora puede depositar la suma exigida porque le ordenaron hacerlo en una cuenta del Banco Macro y en la localidad santafecina de P\u00e9rez, donde vive, no hay sucursales de esa entidad. La Justicia orden\u00f3 entonces que lo haga en un Banco Naci\u00f3n.<\/p>\n","protected":false},"excerpt":{"rendered":"<p>Tiene una hija en Tucum\u00e1n que ya cumpli\u00f3 20 a\u00f1os y s\u00f3lo lo vio una vez, aunque \u00e9l no le dirigi\u00f3 la palabra. Sergio Schoklender afronta hace 7 a\u00f1os un juicio por alimentos en Tucum\u00e1n. La Justicia le orden\u00f3 depositar todos los meses $10.000 para su hija y donar a una instituci\u00f3n de bien p\u00fablico&hellip;<\/p>\n","protected":false},"author":1,"featured_media":83310,"comment_status":"open","ping_status":"open","sticky":false,"template":"","format":"standard","meta":{"footnotes":""},"categories":[20],"tags":[909,1236,3121],"class_list":["post-83309","post","type-post","status-publish","format-standard","has-post-thumbnail","hentry","category-judiciales","tag-hija","tag-sergio-schoklender","tag-tucuman"],"_links":{"self":[{"href":"https:\/\/www.elsindical.com.ar\/notas\/wp-json\/wp\/v2\/posts\/83309","targetHints":{"allow":["GET"]}}],"collection":[{"href":"https:\/\/www.elsindical.com.ar\/notas\/wp-json\/wp\/v2\/posts"}],"about":[{"href":"https:\/\/www.elsindical.com.ar\/notas\/wp-json\/wp\/v2\/types\/post"}],"author":[{"embeddable":true,"href":"https:\/\/www.elsindical.com.ar\/notas\/wp-json\/wp\/v2\/users\/1"}],"replies":[{"embeddable":true,"href":"https:\/\/www.elsindical.com.ar\/notas\/wp-json\/wp\/v2\/comments?post=83309"}],"version-history":[{"count":1,"href":"https:\/\/www.elsindical.com.ar\/notas\/wp-json\/wp\/v2\/posts\/83309\/revisions"}],"predecessor-version":[{"id":83311,"href":"https:\/\/www.elsindical.com.ar\/notas\/wp-json\/wp\/v2\/posts\/83309\/revisions\/83311"}],"wp:featuredmedia":[{"embeddable":true,"href":"https:\/\/www.elsindical.com.ar\/notas\/wp-json\/wp\/v2\/media\/83310"}],"wp:attachment":[{"href":"https:\/\/www.elsindical.com.ar\/notas\/wp-json\/wp\/v2\/media?parent=83309"}],"wp:term":[{"taxonomy":"category","embeddable":true,"href":"https:\/\/www.elsindical.com.ar\/notas\/wp-json\/wp\/v2\/categories?post=83309"},{"taxonomy":"post_tag","embeddable":true,"href":"https:\/\/www.elsindical.com.ar\/notas\/wp-json\/wp\/v2\/tags?post=83309"}],"curies":[{"name":"wp","href":"https:\/\/api.w.org\/{rel}","templated":true}]}}