{"id":83279,"date":"2018-12-11T16:18:19","date_gmt":"2018-12-11T19:18:19","guid":{"rendered":"http:\/\/www.elsindical.com.ar\/notas\/?p=83279"},"modified":"2018-12-11T16:18:19","modified_gmt":"2018-12-11T19:18:19","slug":"avellaneda-nuevas-denuncias-por-el-estado-del-cementerio-municipal","status":"publish","type":"post","link":"https:\/\/www.elsindical.com.ar\/notas\/avellaneda-nuevas-denuncias-por-el-estado-del-cementerio-municipal\/","title":{"rendered":"Avellaneda: Nuevas denuncias por el estado del Cementerio Municipal"},"content":{"rendered":"\n<figure class=\"wp-block-image\"><img loading=\"lazy\" decoding=\"async\" width=\"620\" height=\"349\" src=\"http:\/\/www.elsindical.com.ar\/notas\/var\/www\/html\/notas\/wp-content\/uploads\/2014\/11\/cementerio-de-Avellaneda-entrada.jpg\" alt=\"\" class=\"wp-image-47408\" srcset=\"https:\/\/www.elsindical.com.ar\/notas\/var\/www\/html\/notas\/wp-content\/uploads\/2014\/11\/cementerio-de-Avellaneda-entrada.jpg 620w, https:\/\/www.elsindical.com.ar\/notas\/var\/www\/html\/notas\/wp-content\/uploads\/2014\/11\/cementerio-de-Avellaneda-entrada-300x168.jpg 300w, https:\/\/www.elsindical.com.ar\/notas\/var\/www\/html\/notas\/wp-content\/uploads\/2014\/11\/cementerio-de-Avellaneda-entrada-500x281.jpg 500w\" sizes=\"auto, (max-width: 620px) 100vw, 620px\" \/><\/figure>\n\n\n\n<p>\u00a0 Una vez m\u00e1s, los medios locales y las redes sociales se hacen eco de denuncias y reclamos de vecinos de Avellaneda por el estado edilicio del Cementerio Municipal.<\/p>\n\n\n\n<p>Bajo la direcci\u00f3n de Silvia Cantero, activa pol\u00edtica local, esposa del actual secretario de derechos humanos del municipio Claudio Yacoy, el cementerio ha experimentado un notable deterioro y ambos pol\u00edticos se han visto envueltos en m\u00e1s de una denuncia y esc\u00e1ndalos por el uso y abuso del predio municipal para actividades personales.<\/p>\n\n\n\n<p>El cementerio ha sido hist\u00f3ricamente un lugar de \u00abcastigo\u00bb para empleados municipales, especialmente mujeres y ha sido durante a\u00f1os un lugar de esc\u00e1ndalos y denuncias penales que van desde estafas, robos, amenazas, abuso de autoridad, acoso y abusos sexuales, hasta negociados con funerarias, las \u00faltimas denuncias conocidas se refer\u00edan a la venta de restos \u00f3seos a estudiantes de medicina o para la pr\u00e1ctica de rituales religiosos.<\/p>\n\n\n\n<p>Ya en la \u00e9poca del nuevo candidato a intendente Cacho \u00c1lvarez, las cosas eran turbias en el cementerio que lleg\u00f3 a tener dos directores, el resto de los intendentes que le siguieron no hicieron nada por cambiar o mejorar las cosas y todo fue para peor.<\/p>\n\n\n\n<p>A los da\u00f1os en los nichos por vandalismo, el robo de placas, se sumaron la falta de obras, el mantenimiento, la negativa de la se\u00f1ora Cantero a explicar el estado actual del cementerio que es calamitoso, zonas inundadas, cajones abiertos, nichos destruidos, falta de limpieza, etc, solo es posible con la siempre complicidad del HCD, donde sus concejales en general no han hecho nada por investigar y reclamar como corresponde al ejecutivo se haga cargo de la situaci\u00f3n.<\/p>\n\n\n\n<p>Actualmente el Cementerio Municipal se encuentra bajo la \u00f3rbita de la Jefatura de Gabinete que conduce Alejo Chornobroff, un funcionario que sorprendi\u00f3 a todos cuando fue designado por Jorge Ferraresi en medio de denuncias de acosos y abusos sexuales en perjuicio de mujeres de baja condici\u00f3n social y de una militante que lo denunci\u00f3 por persecuci\u00f3n y amenazas.<\/p>\n\n\n\n<p>No es lo \u00fanico que hace mal seg\u00fan los vecinos la Jefatura de Gabinete, el tema del tr\u00e1nsito es otro de los ejes de criticas a la gesti\u00f3n donde por un lado se hacen multas cuestionables pero no se sanciona como corresponde a camiones o veh\u00edculos de gran porte que todos los d\u00edas da\u00f1an frentes y calles, adem\u00e1s de dificultar el libre tr\u00e1nsito.<\/p>\n\n\n\n<p>Algo no funciona en la Jefatura de Gabinete y es el responsable se\u00f1or intendente o se ocupa de que su funcionario entienda y trabaje correctamente o regalar\u00e1n votos de muchos vecinos disconformes con una gesti\u00f3n que en algunas \u00e1reas es ejemplar y en otras un desastre, obviamente hay muchos funcionarios que deber\u00edan responder ante la justicia.<\/p>\n\n\n\n<ul class=\"wp-block-gallery columns-2 is-cropped wp-block-gallery-1 is-layout-flex wp-block-gallery-is-layout-flex\"><li class=\"blocks-gallery-item\"><figure><img loading=\"lazy\" decoding=\"async\" width=\"720\" height=\"960\" src=\"http:\/\/www.elsindical.com.ar\/notas\/var\/www\/html\/notas\/wp-content\/uploads\/2018\/12\/48084646_2316982981856106_5722293689917636608_n.jpg\" alt=\"\" data-id=\"83280\" data-link=\"http:\/\/www.elsindical.com.ar\/notas\/?attachment_id=83280#main\" class=\"wp-image-83280\" srcset=\"https:\/\/www.elsindical.com.ar\/notas\/var\/www\/html\/notas\/wp-content\/uploads\/2018\/12\/48084646_2316982981856106_5722293689917636608_n.jpg 720w, https:\/\/www.elsindical.com.ar\/notas\/var\/www\/html\/notas\/wp-content\/uploads\/2018\/12\/48084646_2316982981856106_5722293689917636608_n-225x300.jpg 225w\" sizes=\"auto, (max-width: 720px) 100vw, 720px\" \/><\/figure><\/li><li class=\"blocks-gallery-item\"><figure><img loading=\"lazy\" decoding=\"async\" width=\"720\" height=\"960\" src=\"http:\/\/www.elsindical.com.ar\/notas\/var\/www\/html\/notas\/wp-content\/uploads\/2018\/12\/47689646_2316982991856105_3144343994033504256_n.jpg\" alt=\"\" data-id=\"83281\" data-link=\"http:\/\/www.elsindical.com.ar\/notas\/?attachment_id=83281#main\" class=\"wp-image-83281\" srcset=\"https:\/\/www.elsindical.com.ar\/notas\/var\/www\/html\/notas\/wp-content\/uploads\/2018\/12\/47689646_2316982991856105_3144343994033504256_n.jpg 720w, https:\/\/www.elsindical.com.ar\/notas\/var\/www\/html\/notas\/wp-content\/uploads\/2018\/12\/47689646_2316982991856105_3144343994033504256_n-225x300.jpg 225w\" sizes=\"auto, (max-width: 720px) 100vw, 720px\" \/><\/figure><\/li><li class=\"blocks-gallery-item\"><figure><img loading=\"lazy\" decoding=\"async\" width=\"720\" height=\"960\" src=\"http:\/\/www.elsindical.com.ar\/notas\/var\/www\/html\/notas\/wp-content\/uploads\/2018\/12\/47686913_2316982958522775_5082956214128607232_n.jpg\" alt=\"\" data-id=\"83282\" data-link=\"http:\/\/www.elsindical.com.ar\/notas\/?attachment_id=83282#main\" class=\"wp-image-83282\" srcset=\"https:\/\/www.elsindical.com.ar\/notas\/var\/www\/html\/notas\/wp-content\/uploads\/2018\/12\/47686913_2316982958522775_5082956214128607232_n.jpg 720w, https:\/\/www.elsindical.com.ar\/notas\/var\/www\/html\/notas\/wp-content\/uploads\/2018\/12\/47686913_2316982958522775_5082956214128607232_n-225x300.jpg 225w\" sizes=\"auto, (max-width: 720px) 100vw, 720px\" \/><\/figure><\/li><li class=\"blocks-gallery-item\"><figure><img loading=\"lazy\" decoding=\"async\" width=\"1024\" height=\"768\" src=\"http:\/\/www.elsindical.com.ar\/notas\/var\/www\/html\/notas\/wp-content\/uploads\/2018\/12\/48356412_2316983015189436_3315304346912030720_o-1024x768.jpg\" alt=\"\" data-id=\"83283\" data-link=\"http:\/\/www.elsindical.com.ar\/notas\/?attachment_id=83283#main\" class=\"wp-image-83283\" srcset=\"https:\/\/www.elsindical.com.ar\/notas\/var\/www\/html\/notas\/wp-content\/uploads\/2018\/12\/48356412_2316983015189436_3315304346912030720_o-1024x768.jpg 1024w, https:\/\/www.elsindical.com.ar\/notas\/var\/www\/html\/notas\/wp-content\/uploads\/2018\/12\/48356412_2316983015189436_3315304346912030720_o-300x225.jpg 300w, https:\/\/www.elsindical.com.ar\/notas\/var\/www\/html\/notas\/wp-content\/uploads\/2018\/12\/48356412_2316983015189436_3315304346912030720_o-768x576.jpg 768w, https:\/\/www.elsindical.com.ar\/notas\/var\/www\/html\/notas\/wp-content\/uploads\/2018\/12\/48356412_2316983015189436_3315304346912030720_o-400x300.jpg 400w, https:\/\/www.elsindical.com.ar\/notas\/var\/www\/html\/notas\/wp-content\/uploads\/2018\/12\/48356412_2316983015189436_3315304346912030720_o.jpg 1032w\" sizes=\"auto, (max-width: 1024px) 100vw, 1024px\" \/><\/figure><\/li><li class=\"blocks-gallery-item\"><figure><img loading=\"lazy\" decoding=\"async\" width=\"1024\" height=\"768\" src=\"http:\/\/www.elsindical.com.ar\/notas\/var\/www\/html\/notas\/wp-content\/uploads\/2018\/12\/48367517_2316983031856101_4293838922191994880_o-1024x768.jpg\" alt=\"\" data-id=\"83284\" data-link=\"http:\/\/www.elsindical.com.ar\/notas\/?attachment_id=83284#main\" class=\"wp-image-83284\" srcset=\"https:\/\/www.elsindical.com.ar\/notas\/var\/www\/html\/notas\/wp-content\/uploads\/2018\/12\/48367517_2316983031856101_4293838922191994880_o-1024x768.jpg 1024w, https:\/\/www.elsindical.com.ar\/notas\/var\/www\/html\/notas\/wp-content\/uploads\/2018\/12\/48367517_2316983031856101_4293838922191994880_o-300x225.jpg 300w, https:\/\/www.elsindical.com.ar\/notas\/var\/www\/html\/notas\/wp-content\/uploads\/2018\/12\/48367517_2316983031856101_4293838922191994880_o-768x576.jpg 768w, https:\/\/www.elsindical.com.ar\/notas\/var\/www\/html\/notas\/wp-content\/uploads\/2018\/12\/48367517_2316983031856101_4293838922191994880_o-400x300.jpg 400w, https:\/\/www.elsindical.com.ar\/notas\/var\/www\/html\/notas\/wp-content\/uploads\/2018\/12\/48367517_2316983031856101_4293838922191994880_o.jpg 1032w\" sizes=\"auto, (max-width: 1024px) 100vw, 1024px\" \/><\/figure><\/li><li class=\"blocks-gallery-item\"><figure><img loading=\"lazy\" decoding=\"async\" width=\"1024\" height=\"768\" src=\"http:\/\/www.elsindical.com.ar\/notas\/var\/www\/html\/notas\/wp-content\/uploads\/2018\/12\/47324506_2316983048522766_3116455199422545920_o-1024x768.jpg\" alt=\"\" data-id=\"83285\" data-link=\"http:\/\/www.elsindical.com.ar\/notas\/?attachment_id=83285#main\" class=\"wp-image-83285\" srcset=\"https:\/\/www.elsindical.com.ar\/notas\/var\/www\/html\/notas\/wp-content\/uploads\/2018\/12\/47324506_2316983048522766_3116455199422545920_o-1024x768.jpg 1024w, https:\/\/www.elsindical.com.ar\/notas\/var\/www\/html\/notas\/wp-content\/uploads\/2018\/12\/47324506_2316983048522766_3116455199422545920_o-300x225.jpg 300w, https:\/\/www.elsindical.com.ar\/notas\/var\/www\/html\/notas\/wp-content\/uploads\/2018\/12\/47324506_2316983048522766_3116455199422545920_o-768x576.jpg 768w, https:\/\/www.elsindical.com.ar\/notas\/var\/www\/html\/notas\/wp-content\/uploads\/2018\/12\/47324506_2316983048522766_3116455199422545920_o-400x300.jpg 400w, https:\/\/www.elsindical.com.ar\/notas\/var\/www\/html\/notas\/wp-content\/uploads\/2018\/12\/47324506_2316983048522766_3116455199422545920_o.jpg 1032w\" sizes=\"auto, (max-width: 1024px) 100vw, 1024px\" \/><\/figure><\/li><li class=\"blocks-gallery-item\"><figure><img loading=\"lazy\" decoding=\"async\" width=\"720\" height=\"960\" src=\"http:\/\/www.elsindical.com.ar\/notas\/var\/www\/html\/notas\/wp-content\/uploads\/2018\/12\/47684534_2316983088522762_8729370653725032448_n.jpg\" alt=\"\" data-id=\"83286\" data-link=\"http:\/\/www.elsindical.com.ar\/notas\/?attachment_id=83286#main\" class=\"wp-image-83286\" srcset=\"https:\/\/www.elsindical.com.ar\/notas\/var\/www\/html\/notas\/wp-content\/uploads\/2018\/12\/47684534_2316983088522762_8729370653725032448_n.jpg 720w, https:\/\/www.elsindical.com.ar\/notas\/var\/www\/html\/notas\/wp-content\/uploads\/2018\/12\/47684534_2316983088522762_8729370653725032448_n-225x300.jpg 225w\" sizes=\"auto, (max-width: 720px) 100vw, 720px\" \/><\/figure><\/li><\/ul>\n\n\n\n<p><strong><em>Por Marcelo Ricardo Hawrylciw<\/em><\/strong><\/p>\n","protected":false},"excerpt":{"rendered":"<p>\u00a0 Una vez m\u00e1s, los medios locales y las redes sociales se hacen eco de denuncias y reclamos de vecinos de Avellaneda por el estado edilicio del Cementerio Municipal. Bajo la direcci\u00f3n de Silvia Cantero, activa pol\u00edtica local, esposa del actual secretario de derechos humanos del municipio Claudio Yacoy, el cementerio ha experimentado un notable&hellip;<\/p>\n","protected":false},"author":1,"featured_media":47408,"comment_status":"open","ping_status":"open","sticky":false,"template":"","format":"standard","meta":{"footnotes":""},"categories":[10],"tags":[30014,20444,1093,2605],"class_list":["post-83279","post","type-post","status-publish","format-standard","has-post-thumbnail","hentry","category-editorial","tag-alejo-chornobroff","tag-cementerio-municipal","tag-jefatura-de-gabinete","tag-redes-sociales"],"_links":{"self":[{"href":"https:\/\/www.elsindical.com.ar\/notas\/wp-json\/wp\/v2\/posts\/83279","targetHints":{"allow":["GET"]}}],"collection":[{"href":"https:\/\/www.elsindical.com.ar\/notas\/wp-json\/wp\/v2\/posts"}],"about":[{"href":"https:\/\/www.elsindical.com.ar\/notas\/wp-json\/wp\/v2\/types\/post"}],"author":[{"embeddable":true,"href":"https:\/\/www.elsindical.com.ar\/notas\/wp-json\/wp\/v2\/users\/1"}],"replies":[{"embeddable":true,"href":"https:\/\/www.elsindical.com.ar\/notas\/wp-json\/wp\/v2\/comments?post=83279"}],"version-history":[{"count":1,"href":"https:\/\/www.elsindical.com.ar\/notas\/wp-json\/wp\/v2\/posts\/83279\/revisions"}],"predecessor-version":[{"id":83287,"href":"https:\/\/www.elsindical.com.ar\/notas\/wp-json\/wp\/v2\/posts\/83279\/revisions\/83287"}],"wp:featuredmedia":[{"embeddable":true,"href":"https:\/\/www.elsindical.com.ar\/notas\/wp-json\/wp\/v2\/media\/47408"}],"wp:attachment":[{"href":"https:\/\/www.elsindical.com.ar\/notas\/wp-json\/wp\/v2\/media?parent=83279"}],"wp:term":[{"taxonomy":"category","embeddable":true,"href":"https:\/\/www.elsindical.com.ar\/notas\/wp-json\/wp\/v2\/categories?post=83279"},{"taxonomy":"post_tag","embeddable":true,"href":"https:\/\/www.elsindical.com.ar\/notas\/wp-json\/wp\/v2\/tags?post=83279"}],"curies":[{"name":"wp","href":"https:\/\/api.w.org\/{rel}","templated":true}]}}