{"id":83276,"date":"2018-12-11T10:44:31","date_gmt":"2018-12-11T13:44:31","guid":{"rendered":"http:\/\/www.elsindical.com.ar\/notas\/?p=83276"},"modified":"2018-12-11T10:44:31","modified_gmt":"2018-12-11T13:44:31","slug":"la-acumar-quedo-a-cargo-de-frigerio","status":"publish","type":"post","link":"https:\/\/www.elsindical.com.ar\/notas\/la-acumar-quedo-a-cargo-de-frigerio\/","title":{"rendered":"La Acumar qued\u00f3 a cargo de Frigerio"},"content":{"rendered":"\n<figure class=\"wp-block-image\"><img loading=\"lazy\" decoding=\"async\" width=\"1024\" height=\"561\" src=\"http:\/\/www.elsindical.com.ar\/notas\/var\/www\/html\/notas\/wp-content\/uploads\/2018\/12\/Macri-y-Frigerio-1024x561.jpg\" alt=\"\" class=\"wp-image-83277\" srcset=\"https:\/\/www.elsindical.com.ar\/notas\/var\/www\/html\/notas\/wp-content\/uploads\/2018\/12\/Macri-y-Frigerio-1024x561.jpg 1024w, https:\/\/www.elsindical.com.ar\/notas\/var\/www\/html\/notas\/wp-content\/uploads\/2018\/12\/Macri-y-Frigerio-300x164.jpg 300w, https:\/\/www.elsindical.com.ar\/notas\/var\/www\/html\/notas\/wp-content\/uploads\/2018\/12\/Macri-y-Frigerio-768x421.jpg 768w, https:\/\/www.elsindical.com.ar\/notas\/var\/www\/html\/notas\/wp-content\/uploads\/2018\/12\/Macri-y-Frigerio-500x274.jpg 500w, https:\/\/www.elsindical.com.ar\/notas\/var\/www\/html\/notas\/wp-content\/uploads\/2018\/12\/Macri-y-Frigerio.jpg 1072w\" sizes=\"auto, (max-width: 1024px) 100vw, 1024px\" \/><\/figure>\n\n\n\n<p>El Gobierno estableci\u00f3 que la Autoridad de la Cuenca Matanza-Riachuelo qued\u00f3 bajo la \u00f3rbita del Ministerio del Interior.<\/p>\n\n\n\n<p>A trav\u00e9s del <a href=\"https:\/\/www.boletinoficial.gob.ar\/#!DetalleNorma\/197608\/20181211\">decreto 1118\/2018<\/a>,\n publicado este martes en el Bolet\u00edn Oficial, el Gobierno determin\u00f3 que \nla Autoridad de Cuenca Matanza-Riachuelo (Acumar) queda bajo la \u00f3rbita \ndel Ministerio del Interior, Obras P\u00fablicas y Viviendas.<\/p>\n\n\n\n<p>El decreto advierte que \u201cla Ley de Ministerios N\u00b0 22.520 y sus \nmodificatorias establece entre las competencias del Ministerio del \nInterior, Obras P\u00fablicas y Vivienda la de entender en la elaboraci\u00f3n y \nejecuci\u00f3n de la pol\u00edtica h\u00eddrica nacional e intervenir, en el \u00e1mbito de \nsu competencia, en el desarrollo de ciudades y \u00e1reas peri urbanas \ncompactas, integradas, inclusivas, sustentables y resilientes, mediante \nel dise\u00f1o y ejecuci\u00f3n de obras, programas y pol\u00edticas nacionales de \ninfraestructura y servicios urbanos\u201d. \u201cResulta imperiosa la necesidad de\n cumplir con las mandas del Plan Integral de Saneamiento Ambiental \n(PISA) que le han sido impuestas al Estado por la Corte Suprema de \nJusticia en la sentencia del 8 de julio de 2008\u201d, apunta.<\/p>\n\n\n\n<p>\u201cTeniendo en cuenta las competencias que tiene asignadas el \nMinisterio del Interior y, en el marco de las pol\u00edticas de \nreordenamiento que se vienen implementando en el Sector P\u00fablico \nNacional, resulta conveniente que la ACUMAR funcione en la \u00f3rbita del \nMinisterio del Interior, Obras P\u00fablicas y Vivienda, lo que significar\u00e1 \nuna mayor eficiencia en la gesti\u00f3n de las acciones que lleva adelante la\n Acumar y en la ejecuci\u00f3n del Plan Integral de Saneamiento Ambiental \n(PISA)\u201d, apunta la resoluci\u00f3n publicada este martes en el Bolet\u00edn \nOficial.<\/p>\n\n\n\n<p>Los integrantes de <a href=\"http:\/\/www.acumar.gob.ar\/\">ACUMAR<\/a>\n que representan al Poder Ejecutivo ser\u00e1n designados uno a propuesta de \nla Secretar\u00eda de Gobierno de Ambiente y Desarrollo Sustentable \ndependiente de la Secretar\u00eda General de la Presidencia de la Naci\u00f3n y \nlos restantes tres, incluido su Presidente, a propuesta de la cartera \ndirigida&nbsp; por Rogelio Frigerio.<\/p>\n\n\n\n<p>Aclara que el Jefe de Gabinete de Ministros efectuar\u00e1 las \nmodificaciones presupuestarias necesarias para la implementaci\u00f3n de lo \nestablecido en el decreto.<\/p>\n\n\n\n<p>La Autoridad de Cuenca Matanza Riachuelo es un ente aut\u00f3nomo, \naut\u00e1rquico e interjurisdiccional que conjuga el trabajo con los tres \ngobiernos que tienen competencia en el territorio: Naci\u00f3n, Provincia de \nBuenos Aires y Ciudad Aut\u00f3noma de Buenos Aires. El organismo se crea en \n2006 mediante la Ley N\u00b0 26168, atendiendo a la preocupante situaci\u00f3n de \ndeterioro ambiental de la Cuenca.<\/p>\n\n\n\n<p>En 2008, la Corte Suprema de Justicia de la Naci\u00f3n (CSJN) intim\u00f3 a \nACUMAR a implementar un plan de saneamiento en respuesta a la causa \njudicial conocida como \u201cCausa Mendoza\u201d, reclamo presentado en 2004 por \nun grupo de vecinos.<\/p>\n","protected":false},"excerpt":{"rendered":"<p>El Gobierno estableci\u00f3 que la Autoridad de la Cuenca Matanza-Riachuelo qued\u00f3 bajo la \u00f3rbita del Ministerio del Interior. A trav\u00e9s del decreto 1118\/2018, publicado este martes en el Bolet\u00edn Oficial, el Gobierno determin\u00f3 que la Autoridad de Cuenca Matanza-Riachuelo (Acumar) queda bajo la \u00f3rbita del Ministerio del Interior, Obras P\u00fablicas y Viviendas. El decreto advierte&hellip;<\/p>\n","protected":false},"author":1,"featured_media":83277,"comment_status":"open","ping_status":"open","sticky":false,"template":"","format":"standard","meta":{"footnotes":""},"categories":[13],"tags":[13480,1295,76,22597],"class_list":["post-83276","post","type-post","status-publish","format-standard","has-post-thumbnail","hentry","category-politica","tag-acumar","tag-boletin-oficial","tag-mauricio-macri","tag-rogelio-frigerio"],"_links":{"self":[{"href":"https:\/\/www.elsindical.com.ar\/notas\/wp-json\/wp\/v2\/posts\/83276","targetHints":{"allow":["GET"]}}],"collection":[{"href":"https:\/\/www.elsindical.com.ar\/notas\/wp-json\/wp\/v2\/posts"}],"about":[{"href":"https:\/\/www.elsindical.com.ar\/notas\/wp-json\/wp\/v2\/types\/post"}],"author":[{"embeddable":true,"href":"https:\/\/www.elsindical.com.ar\/notas\/wp-json\/wp\/v2\/users\/1"}],"replies":[{"embeddable":true,"href":"https:\/\/www.elsindical.com.ar\/notas\/wp-json\/wp\/v2\/comments?post=83276"}],"version-history":[{"count":1,"href":"https:\/\/www.elsindical.com.ar\/notas\/wp-json\/wp\/v2\/posts\/83276\/revisions"}],"predecessor-version":[{"id":83278,"href":"https:\/\/www.elsindical.com.ar\/notas\/wp-json\/wp\/v2\/posts\/83276\/revisions\/83278"}],"wp:featuredmedia":[{"embeddable":true,"href":"https:\/\/www.elsindical.com.ar\/notas\/wp-json\/wp\/v2\/media\/83277"}],"wp:attachment":[{"href":"https:\/\/www.elsindical.com.ar\/notas\/wp-json\/wp\/v2\/media?parent=83276"}],"wp:term":[{"taxonomy":"category","embeddable":true,"href":"https:\/\/www.elsindical.com.ar\/notas\/wp-json\/wp\/v2\/categories?post=83276"},{"taxonomy":"post_tag","embeddable":true,"href":"https:\/\/www.elsindical.com.ar\/notas\/wp-json\/wp\/v2\/tags?post=83276"}],"curies":[{"name":"wp","href":"https:\/\/api.w.org\/{rel}","templated":true}]}}