{"id":83212,"date":"2018-12-08T09:45:42","date_gmt":"2018-12-08T12:45:42","guid":{"rendered":"http:\/\/www.elsindical.com.ar\/notas\/?p=83212"},"modified":"2018-12-08T09:45:42","modified_gmt":"2018-12-08T12:45:42","slug":"moron-detienen-a-dos-delincuentes-tras-tiroteo-uno-de-ellos-efectivo-de-la-pfa","status":"publish","type":"post","link":"https:\/\/www.elsindical.com.ar\/notas\/moron-detienen-a-dos-delincuentes-tras-tiroteo-uno-de-ellos-efectivo-de-la-pfa\/","title":{"rendered":"Mor\u00f3n: Detienen a dos delincuentes tras tiroteo, uno de ellos efectivo de la PFA"},"content":{"rendered":"\n<figure class=\"wp-block-image\"><img loading=\"lazy\" decoding=\"async\" width=\"1024\" height=\"576\" src=\"http:\/\/www.elsindical.com.ar\/notas\/var\/www\/html\/notas\/wp-content\/uploads\/2018\/12\/WhatsApp-Image-2018-12-08-at-09.24.041-1024x576.jpeg\" alt=\"\" class=\"wp-image-83213\" srcset=\"https:\/\/www.elsindical.com.ar\/notas\/var\/www\/html\/notas\/wp-content\/uploads\/2018\/12\/WhatsApp-Image-2018-12-08-at-09.24.041-1024x576.jpeg 1024w, https:\/\/www.elsindical.com.ar\/notas\/var\/www\/html\/notas\/wp-content\/uploads\/2018\/12\/WhatsApp-Image-2018-12-08-at-09.24.041-300x169.jpeg 300w, https:\/\/www.elsindical.com.ar\/notas\/var\/www\/html\/notas\/wp-content\/uploads\/2018\/12\/WhatsApp-Image-2018-12-08-at-09.24.041-768x432.jpeg 768w, https:\/\/www.elsindical.com.ar\/notas\/var\/www\/html\/notas\/wp-content\/uploads\/2018\/12\/WhatsApp-Image-2018-12-08-at-09.24.041-500x281.jpeg 500w, https:\/\/www.elsindical.com.ar\/notas\/var\/www\/html\/notas\/wp-content\/uploads\/2018\/12\/WhatsApp-Image-2018-12-08-at-09.24.041-460x260.jpeg 460w, https:\/\/www.elsindical.com.ar\/notas\/var\/www\/html\/notas\/wp-content\/uploads\/2018\/12\/WhatsApp-Image-2018-12-08-at-09.24.041.jpeg 1040w\" sizes=\"auto, (max-width: 1024px) 100vw, 1024px\" \/><\/figure>\n\n\n\n<p>La polic\u00eda de la provincia de Buenos Aires, aprehendi\u00f3 a dos sujetos luego de un enfrentamiento armado, por un robo cometido bajo la modalidad \u201centradera\u201d en la localidad de Mor\u00f3n. Entre los elementos secuestrados se hallan dos handys con frecuencia policial,una pistola calibre 45 con numeraci\u00f3n suprimida, perteneciente a un agente de la Polic\u00eda Federal, una ametralladora, un auto y dinero en efectivo.<\/p>\n\n\n\n<p>Todo se inici\u00f3 por un hecho de robo en proceso, denunciado al 911. All\u00ed acudi\u00f3 el personal de la comisar\u00eda 6ta de El Palomar, logrando interceptar en la calles Bergamini al 370 al conductor (42) de un autom\u00f3vil Renault Megane Scenic color verde, a quien se&nbsp;le incaut\u00f3 documentaci\u00f3n, un handy con frecuencia policial y credencial de PFA.<\/p>\n\n\n\n<p>En el \u00ednterin, una jubilada de 78 a\u00f1os alert\u00f3 a la polic\u00eda que estaba sufriendo un robo en su vivienda y que su marido, un ex combatiente de Malvinas de 75 a\u00f1os, hab\u00eda sido maniatado por el delincuente.<\/p>\n\n\n\n<p>De inmediato, el personal policial ingres\u00f3 al interior de la vivienda siendo recibidos con disparos de arma de fuego; el sospechoso intent\u00f3 fugar por los techos pero, tras un intenso rastrillaje pudo ser aprehendido. Se trata de un Sargento, perteneciente a&nbsp;la PFA, que hab\u00eda sido puesto en disponibilidad por esa fuerza de seguridad.<\/p>\n\n\n\n<p>A \u00e9ste \u00faltimo, se le secuestr\u00f3: un handy, una pistola Browning calibre 45 con numeraci\u00f3n suprimida, un par de guantes negros y $ 6000.<\/p>\n\n\n\n<p>Posteriormente un vecino lindero dio aviso a la polic\u00eda que en el patio de su vivienda se hallaba un arma de fuego, incaut\u00e1ndose una ametralladora pa3 sin numeraci\u00f3n visible y con cargador colocado.<\/p>\n\n\n\n<p>No obstante, las v\u00edctimas de la \u201centradera\u201d manifestaron que se encontraban realizando refacciones en su domicilio junto a varios alba\u00f1iles, que ingresaron los malvivientes y le sustrajeron unos $ 29 mil pesos en efectivo (parte de ese dinero perteneciente&nbsp;a la Parroquia San Miguel Arc\u00e1ngel de la Base A\u00e9rea de El Palomar donde el marido de la jubilada resulta ser administrador).<\/p>\n\n\n\n<p>Cabe aclarar que tras el enfrentamiento no hubo heridos.<\/p>\n\n\n\n<p>Los delincuentes quedaron a disposici\u00f3n de la justicia en el marco de la causa caratulada \u201cAprehensi\u00f3n por robo agravado por uso de arma de fuego y portaci\u00f3n ilegal de armas de guerras\u201d.<\/p>\n\n\n\n<p>Interviene la UFIJ nro. 4 a cargo de la Dra. Lisa del Departamento Judicial de Mor\u00f3n.<\/p>\n\n\n\n<ul class=\"wp-block-gallery columns-2 is-cropped wp-block-gallery-1 is-layout-flex wp-block-gallery-is-layout-flex\"><li class=\"blocks-gallery-item\"><figure><img loading=\"lazy\" decoding=\"async\" width=\"576\" height=\"1024\" src=\"http:\/\/www.elsindical.com.ar\/notas\/var\/www\/html\/notas\/wp-content\/uploads\/2018\/12\/WhatsApp-Image-2018-12-08-at-09.24.05-576x1024.jpeg\" alt=\"\" data-id=\"83214\" data-link=\"http:\/\/www.elsindical.com.ar\/notas\/?attachment_id=83214#main\" class=\"wp-image-83214\" srcset=\"https:\/\/www.elsindical.com.ar\/notas\/var\/www\/html\/notas\/wp-content\/uploads\/2018\/12\/WhatsApp-Image-2018-12-08-at-09.24.05-576x1024.jpeg 576w, https:\/\/www.elsindical.com.ar\/notas\/var\/www\/html\/notas\/wp-content\/uploads\/2018\/12\/WhatsApp-Image-2018-12-08-at-09.24.05-169x300.jpeg 169w, https:\/\/www.elsindical.com.ar\/notas\/var\/www\/html\/notas\/wp-content\/uploads\/2018\/12\/WhatsApp-Image-2018-12-08-at-09.24.05.jpeg 585w\" sizes=\"auto, (max-width: 576px) 100vw, 576px\" \/><\/figure><\/li><li class=\"blocks-gallery-item\"><figure><img loading=\"lazy\" decoding=\"async\" width=\"1024\" height=\"768\" src=\"http:\/\/www.elsindical.com.ar\/notas\/var\/www\/html\/notas\/wp-content\/uploads\/2018\/12\/WhatsApp-Image-2018-12-08-at-09.24.04-1024x768.jpeg\" alt=\"\" data-id=\"83215\" data-link=\"http:\/\/www.elsindical.com.ar\/notas\/?attachment_id=83215#main\" class=\"wp-image-83215\" srcset=\"https:\/\/www.elsindical.com.ar\/notas\/var\/www\/html\/notas\/wp-content\/uploads\/2018\/12\/WhatsApp-Image-2018-12-08-at-09.24.04.jpeg 1024w, https:\/\/www.elsindical.com.ar\/notas\/var\/www\/html\/notas\/wp-content\/uploads\/2018\/12\/WhatsApp-Image-2018-12-08-at-09.24.04-300x225.jpeg 300w, https:\/\/www.elsindical.com.ar\/notas\/var\/www\/html\/notas\/wp-content\/uploads\/2018\/12\/WhatsApp-Image-2018-12-08-at-09.24.04-768x576.jpeg 768w, https:\/\/www.elsindical.com.ar\/notas\/var\/www\/html\/notas\/wp-content\/uploads\/2018\/12\/WhatsApp-Image-2018-12-08-at-09.24.04-400x300.jpeg 400w\" sizes=\"auto, (max-width: 1024px) 100vw, 1024px\" \/><\/figure><\/li><li class=\"blocks-gallery-item\"><figure><img loading=\"lazy\" decoding=\"async\" width=\"576\" height=\"1024\" src=\"http:\/\/www.elsindical.com.ar\/notas\/var\/www\/html\/notas\/wp-content\/uploads\/2018\/12\/WhatsApp-Image-2018-12-08-at-09.24.03-576x1024.jpeg\" alt=\"\" data-id=\"83216\" data-link=\"http:\/\/www.elsindical.com.ar\/notas\/?attachment_id=83216#main\" class=\"wp-image-83216\" srcset=\"https:\/\/www.elsindical.com.ar\/notas\/var\/www\/html\/notas\/wp-content\/uploads\/2018\/12\/WhatsApp-Image-2018-12-08-at-09.24.03-576x1024.jpeg 576w, https:\/\/www.elsindical.com.ar\/notas\/var\/www\/html\/notas\/wp-content\/uploads\/2018\/12\/WhatsApp-Image-2018-12-08-at-09.24.03-169x300.jpeg 169w, https:\/\/www.elsindical.com.ar\/notas\/var\/www\/html\/notas\/wp-content\/uploads\/2018\/12\/WhatsApp-Image-2018-12-08-at-09.24.03.jpeg 720w\" sizes=\"auto, (max-width: 576px) 100vw, 576px\" \/><\/figure><\/li><li class=\"blocks-gallery-item\"><figure><img loading=\"lazy\" decoding=\"async\" width=\"576\" height=\"1024\" src=\"http:\/\/www.elsindical.com.ar\/notas\/var\/www\/html\/notas\/wp-content\/uploads\/2018\/12\/WhatsApp-Image-2018-12-08-at-09.24.02-576x1024.jpeg\" alt=\"\" data-id=\"83217\" data-link=\"http:\/\/www.elsindical.com.ar\/notas\/?attachment_id=83217#main\" class=\"wp-image-83217\" srcset=\"https:\/\/www.elsindical.com.ar\/notas\/var\/www\/html\/notas\/wp-content\/uploads\/2018\/12\/WhatsApp-Image-2018-12-08-at-09.24.02-576x1024.jpeg 576w, https:\/\/www.elsindical.com.ar\/notas\/var\/www\/html\/notas\/wp-content\/uploads\/2018\/12\/WhatsApp-Image-2018-12-08-at-09.24.02-169x300.jpeg 169w, https:\/\/www.elsindical.com.ar\/notas\/var\/www\/html\/notas\/wp-content\/uploads\/2018\/12\/WhatsApp-Image-2018-12-08-at-09.24.02.jpeg 585w\" sizes=\"auto, (max-width: 576px) 100vw, 576px\" \/><\/figure><\/li><\/ul>\n","protected":false},"excerpt":{"rendered":"<p>La polic\u00eda de la provincia de Buenos Aires, aprehendi\u00f3 a dos sujetos luego de un enfrentamiento armado, por un robo cometido bajo la modalidad \u201centradera\u201d en la localidad de Mor\u00f3n. Entre los elementos secuestrados se hallan dos handys con frecuencia policial,una pistola calibre 45 con numeraci\u00f3n suprimida, perteneciente a un agente de la Polic\u00eda Federal,&hellip;<\/p>\n","protected":false},"author":1,"featured_media":83213,"comment_status":"open","ping_status":"open","sticky":false,"template":"","format":"standard","meta":{"footnotes":""},"categories":[22],"tags":[716,11792],"class_list":["post-83212","post","type-post","status-publish","format-standard","has-post-thumbnail","hentry","category-policiales","tag-ametralladora","tag-entradera"],"_links":{"self":[{"href":"https:\/\/www.elsindical.com.ar\/notas\/wp-json\/wp\/v2\/posts\/83212","targetHints":{"allow":["GET"]}}],"collection":[{"href":"https:\/\/www.elsindical.com.ar\/notas\/wp-json\/wp\/v2\/posts"}],"about":[{"href":"https:\/\/www.elsindical.com.ar\/notas\/wp-json\/wp\/v2\/types\/post"}],"author":[{"embeddable":true,"href":"https:\/\/www.elsindical.com.ar\/notas\/wp-json\/wp\/v2\/users\/1"}],"replies":[{"embeddable":true,"href":"https:\/\/www.elsindical.com.ar\/notas\/wp-json\/wp\/v2\/comments?post=83212"}],"version-history":[{"count":1,"href":"https:\/\/www.elsindical.com.ar\/notas\/wp-json\/wp\/v2\/posts\/83212\/revisions"}],"predecessor-version":[{"id":83218,"href":"https:\/\/www.elsindical.com.ar\/notas\/wp-json\/wp\/v2\/posts\/83212\/revisions\/83218"}],"wp:featuredmedia":[{"embeddable":true,"href":"https:\/\/www.elsindical.com.ar\/notas\/wp-json\/wp\/v2\/media\/83213"}],"wp:attachment":[{"href":"https:\/\/www.elsindical.com.ar\/notas\/wp-json\/wp\/v2\/media?parent=83212"}],"wp:term":[{"taxonomy":"category","embeddable":true,"href":"https:\/\/www.elsindical.com.ar\/notas\/wp-json\/wp\/v2\/categories?post=83212"},{"taxonomy":"post_tag","embeddable":true,"href":"https:\/\/www.elsindical.com.ar\/notas\/wp-json\/wp\/v2\/tags?post=83212"}],"curies":[{"name":"wp","href":"https:\/\/api.w.org\/{rel}","templated":true}]}}