{"id":83209,"date":"2018-12-08T09:38:34","date_gmt":"2018-12-08T12:38:34","guid":{"rendered":"http:\/\/www.elsindical.com.ar\/notas\/?p=83209"},"modified":"2018-12-08T09:38:35","modified_gmt":"2018-12-08T12:38:35","slug":"moron-investigan-a-profesor-de-psicologia-denunciado-por-abusos","status":"publish","type":"post","link":"https:\/\/www.elsindical.com.ar\/notas\/moron-investigan-a-profesor-de-psicologia-denunciado-por-abusos\/","title":{"rendered":"Mor\u00f3n: Investigan a profesor de psicolog\u00eda denunciado por abusos"},"content":{"rendered":"\n<figure class=\"wp-block-image\"><img loading=\"lazy\" decoding=\"async\" width=\"970\" height=\"546\" src=\"http:\/\/www.elsindical.com.ar\/notas\/var\/www\/html\/notas\/wp-content\/uploads\/2018\/12\/Universidad-de-Mor\u00f3n.jpg\" alt=\"\" class=\"wp-image-83210\" srcset=\"https:\/\/www.elsindical.com.ar\/notas\/var\/www\/html\/notas\/wp-content\/uploads\/2018\/12\/Universidad-de-Mor\u00f3n.jpg 970w, https:\/\/www.elsindical.com.ar\/notas\/var\/www\/html\/notas\/wp-content\/uploads\/2018\/12\/Universidad-de-Mor\u00f3n-300x169.jpg 300w, https:\/\/www.elsindical.com.ar\/notas\/var\/www\/html\/notas\/wp-content\/uploads\/2018\/12\/Universidad-de-Mor\u00f3n-768x432.jpg 768w, https:\/\/www.elsindical.com.ar\/notas\/var\/www\/html\/notas\/wp-content\/uploads\/2018\/12\/Universidad-de-Mor\u00f3n-500x281.jpg 500w, https:\/\/www.elsindical.com.ar\/notas\/var\/www\/html\/notas\/wp-content\/uploads\/2018\/12\/Universidad-de-Mor\u00f3n-460x260.jpg 460w\" sizes=\"auto, (max-width: 970px) 100vw, 970px\" \/><\/figure>\n\n\n\n<p>Cuatro mujeres denunciaron por abuso sexual a un profesor de psicolog\u00eda de la Universidad de Mor\u00f3n, que ya fue separado de su cargo, pero la causa quedar\u00e1 virtualmente paralizada hasta abril del pr\u00f3ximo a\u00f1o por falta de peritos profesionales en la justicia.<\/p>\n\n\n\n<p>El profesor de 62 a\u00f1os, \nidentificado como H.L, fue separado de toda actividad acad\u00e9mica el \n\u00faltimo 20 de noviembre por decisi\u00f3n del rectorado de la casa de estudios\n de la zona oeste del conurbano, tras recibir la denuncia de una \nestudiante.<\/p>\n\n\n\n<p>Se trata de una joven de 19 a\u00f1os que el 16 de \nnoviembre concurri\u00f3 a la comisar\u00eda de la Mujer de Mor\u00f3n para contar que \nel d\u00eda anterior hab\u00eda ido al consultorio del profesor, ubicado a seis \ncuadras de la facultad, donde fue abusada.<\/p>\n\n\n\n<p>Fue entonces, cuando \notras tres mujeres se sumaron a esa denuncia por hechos ocurridos en \nalgunas casos hace varios a\u00f1os, indicaron las fuentes.&nbsp;<\/p>\n\n\n\n<p>Pese a que el imputado ya fue notificado de las denuncias en su contra, la fiscal\u00eda de Mor\u00f3n que lleva a adelante la investigaci\u00f3n no podr\u00e1 avanzar en la causa, ya que reci\u00e9n tiene fecha para las pericias psicol\u00f3gicas del acusado en abril de 2019.<\/p>\n\n\n\n<p><em>\u00abMe acost\u00f3 en el div\u00e1n y comenz\u00f3 a decirme que como ten\u00eda problemas para abrazar a la gente, que si pod\u00eda imaginarme c\u00f3mo me hacia sexo oral, y c\u00f3mo abr\u00eda bien las piernas para que entre bien adentro mio\u00bb,<\/em> relat\u00f3 la estudiante identificada como M.<\/p>\n\n\n\n<p>La joven manifest\u00f3 que se neg\u00f3 a lo que le ped\u00eda y que el profesor continu\u00f3: <em>\u00abYo soy tu amigo, te quiero ayudar para que la vida sea m\u00e1s placentera\u00bb, <\/em>y que luego le agarr\u00f3 la mano, la bes\u00f3 en la frente y le toc\u00f3 la vagina con la ropa puesta.\u00a0<\/p>\n\n\n\n<p>Eso ocurri\u00f3 en la sexta sesi\u00f3n de terapia, que como en el restos de los casos les ofrec\u00eda de forma gratuita a las v\u00edctimas.<\/p>\n\n\n\n<p>La segunda denuncia fue radicada el 19 de noviembre en la misma comisar\u00eda, aunque en este caso la mujer identificada como A. relat\u00f3 lo que sufri\u00f3 cuando el acusado desvirtu\u00f3 la relaci\u00f3n m\u00e9dico-paciente tras 12 a\u00f1os de ser su psic\u00f3logo.<\/p>\n\n\n\n<p><em>\u00abMe quiso masturbar y no lo permit\u00ed. En otra sesi\u00f3n me hipnotiz\u00f3 y me masturb\u00f3, al punto tal que las sesiones se convirtieron en encuentros sexuales que me causaron confusi\u00f3n y culpa. Dec\u00eda que era para curarme porque estaba enferma\u00bb, <\/em>expres\u00f3 la mujer de unos 40 a\u00f1os.<\/p>\n\n\n\n<p>Unos\n d\u00edas despu\u00e9s, el 21 de noviembre, otra supuesta v\u00edctima del profesor se\n anim\u00f3 a denunciar que hab\u00eda sido alumna del acusado en 2012 y que tuvo \nque vivir una situaci\u00f3n de abuso en 2013 cuando lo contact\u00f3 para ser \natendida tras romper una larga relaci\u00f3n de pareja.<\/p>\n\n\n\n<p><em>\u00abMe \nofreci\u00f3 sesiones gratuitas y cuando fui a su consultorio me dijo que me \niba a hipnotizar. Me acost\u00f3 boca abajo en el div\u00e1n, me acariciaba y me \npidi\u00f3 desabrochar el corpi\u00f1o. Fui al ba\u00f1o y me escap\u00e9\u00bb<\/em>, denunci\u00f3 la mujer identificada como S, de 30 a\u00f1os.<\/p>\n\n\n\n<p>La\n \u00faltima denuncia se realiz\u00f3 el 24 de noviembre por manipulaci\u00f3n y \naveriguaci\u00f3n de il\u00edcito, por parte de una mujer de 30 a\u00f1os, identificada\n como MS., que refiri\u00f3 haber mantenido una relaci\u00f3n con el acusado en \n2015.<\/p>\n\n\n\n<p><em>\u00abYo no me sent\u00ed abusada, ahora me siento manipulada y \nhago esta denuncia luego de conocer que otras personas si fueron \nv\u00edctimas\u00bb, <\/em>asegur\u00f3.<\/p>\n\n\n\n<p>Las denuncias contra el profesor, que es\n doctor en psicolog\u00eda graduado en la Universidad del Salvador y se \nespecializa en hipnosis y bulimia y anorexia, recayeron en distintas \nfiscal\u00edas de Mor\u00f3n y es probable que en los pr\u00f3ximos d\u00edas se unifiquen \nlas causas en la UFI 4, a cargo de <strong>Valeria Courtade<\/strong>.\n\n<\/p>\n","protected":false},"excerpt":{"rendered":"<p>Cuatro mujeres denunciaron por abuso sexual a un profesor de psicolog\u00eda de la Universidad de Mor\u00f3n, que ya fue separado de su cargo, pero la causa quedar\u00e1 virtualmente paralizada hasta abril del pr\u00f3ximo a\u00f1o por falta de peritos profesionales en la justicia. El profesor de 62 a\u00f1os, identificado como H.L, fue separado de toda actividad&hellip;<\/p>\n","protected":false},"author":1,"featured_media":83210,"comment_status":"open","ping_status":"open","sticky":false,"template":"","format":"standard","meta":{"footnotes":""},"categories":[6],"tags":[783,22020,59,29997],"class_list":["post-83209","post","type-post","status-publish","format-standard","has-post-thumbnail","hentry","category-denuncias","tag-abuso-sexual","tag-denuncias","tag-mujeres","tag-universidad-de-moron"],"_links":{"self":[{"href":"https:\/\/www.elsindical.com.ar\/notas\/wp-json\/wp\/v2\/posts\/83209","targetHints":{"allow":["GET"]}}],"collection":[{"href":"https:\/\/www.elsindical.com.ar\/notas\/wp-json\/wp\/v2\/posts"}],"about":[{"href":"https:\/\/www.elsindical.com.ar\/notas\/wp-json\/wp\/v2\/types\/post"}],"author":[{"embeddable":true,"href":"https:\/\/www.elsindical.com.ar\/notas\/wp-json\/wp\/v2\/users\/1"}],"replies":[{"embeddable":true,"href":"https:\/\/www.elsindical.com.ar\/notas\/wp-json\/wp\/v2\/comments?post=83209"}],"version-history":[{"count":1,"href":"https:\/\/www.elsindical.com.ar\/notas\/wp-json\/wp\/v2\/posts\/83209\/revisions"}],"predecessor-version":[{"id":83211,"href":"https:\/\/www.elsindical.com.ar\/notas\/wp-json\/wp\/v2\/posts\/83209\/revisions\/83211"}],"wp:featuredmedia":[{"embeddable":true,"href":"https:\/\/www.elsindical.com.ar\/notas\/wp-json\/wp\/v2\/media\/83210"}],"wp:attachment":[{"href":"https:\/\/www.elsindical.com.ar\/notas\/wp-json\/wp\/v2\/media?parent=83209"}],"wp:term":[{"taxonomy":"category","embeddable":true,"href":"https:\/\/www.elsindical.com.ar\/notas\/wp-json\/wp\/v2\/categories?post=83209"},{"taxonomy":"post_tag","embeddable":true,"href":"https:\/\/www.elsindical.com.ar\/notas\/wp-json\/wp\/v2\/tags?post=83209"}],"curies":[{"name":"wp","href":"https:\/\/api.w.org\/{rel}","templated":true}]}}