{"id":83176,"date":"2018-12-07T09:15:46","date_gmt":"2018-12-07T12:15:46","guid":{"rendered":"http:\/\/www.elsindical.com.ar\/notas\/?p=83176"},"modified":"2018-12-07T09:15:46","modified_gmt":"2018-12-07T12:15:46","slug":"los-taxis-en-la-ciudad-deberan-tomar-viajes-por-apps-y-aceptar-pagos-con-tarjetas","status":"publish","type":"post","link":"https:\/\/www.elsindical.com.ar\/notas\/los-taxis-en-la-ciudad-deberan-tomar-viajes-por-apps-y-aceptar-pagos-con-tarjetas\/","title":{"rendered":"Los taxis en la Ciudad deber\u00e1n tomar viajes por apps y aceptar pagos con tarjetas"},"content":{"rendered":"\n<figure class=\"wp-block-image\"><img loading=\"lazy\" decoding=\"async\" width=\"502\" height=\"287\" src=\"http:\/\/www.elsindical.com.ar\/notas\/var\/www\/html\/notas\/wp-content\/uploads\/2013\/07\/taxis-porte\u00f1os.jpg\" alt=\"\" class=\"wp-image-36491\" srcset=\"https:\/\/www.elsindical.com.ar\/notas\/var\/www\/html\/notas\/wp-content\/uploads\/2013\/07\/taxis-porte\u00f1os.jpg 502w, https:\/\/www.elsindical.com.ar\/notas\/var\/www\/html\/notas\/wp-content\/uploads\/2013\/07\/taxis-porte\u00f1os-300x171.jpg 300w, https:\/\/www.elsindical.com.ar\/notas\/var\/www\/html\/notas\/wp-content\/uploads\/2013\/07\/taxis-porte\u00f1os-500x285.jpg 500w\" sizes=\"auto, (max-width: 502px) 100vw, 502px\" \/><\/figure>\n\n\n\n<p>Los autos deber\u00e1n estar dotados de una tablet para poder recibir los pedidos de viajes, que reemplazar\u00e1n al actual tax\u00edmetro. El mantenimiento del sistema elevar\u00e1 el costo a una ficha extra por viaje, entre $3 y $4.<\/p>\n\n\n\n<p>La Legislatura porte\u00f1a convirti\u00f3 en ley una iniciativa que obliga a \nlos taxis que operen en la Ciudad de Buenos Aires a adherirse a alguna \naplicaci\u00f3n que les permita recibir pedidos de viajes, reemplazar sus \ntax\u00edmetros por dispositivos digitales y aceptar pagos con tarjetas de \ncr\u00e9dito y d\u00e9bito.<\/p>\n\n\n\n<p>El proyecto fue aprobado por 42 votos a favor de los bloques de Vamos\n Juntos, Partido Socialista, Evoluci\u00f3n y Mejor Ciudad; 13 votos \nnegativos de los diputados de Autodeterminaci\u00f3n y Libertad, Unidad \nCiudadana y del Frente de Izquierda; mientras que el GEN y el bloque \nperonista aportaron 5 abstenciones.<\/p>\n\n\n\n<p>Los taxis deber\u00e1n estar dotados de una tablet para poder recibir los pedidos de viajes, que reemplazar\u00e1 al actual tax\u00edmetro.<\/p>\n\n\n\n<p>Cristina Garc\u00eda, informante por el bloque oficialista, dijo que esta \nmedida \u00abviene a garantizar un servicio de transporte seguro y de \ncalidad\u00bb al tiempo que defendi\u00f3 el costo de mantenimiento del sistema, \nque ser\u00e1 de una ficha extra por viaje, entre 3 y 4 pesos.<\/p>\n\n\n\n<p>Ese punto fue uno de los m\u00e1s criticados por la oposici\u00f3n ya que \nincrementar\u00e1 los costos, tanto para los conductores como para los \npasajeros. Silvia Gottero, del Bloque Peronista quien argument\u00f3 en ese \nsentido que si los 37 mil coches con licencias pagan esos 1500 pesos, el\n desarrollo del software tendr\u00e1 un r\u00e9dito de 55 millones de pesos.<\/p>\n\n\n\n<p>En tanto, Sergio Abrevaya (GEN) y Paula Penaca (Unidad Ciudadana) \ncoincidieron en destacar que la \u00abmodernizaci\u00f3n\u00bb es positiva pero que, \ncon estas medidas que generan \u00abnuevos costos\u00bb para los taxistas, se \n\u00abfavorece a la competencia desleal\u00bb que supone Uber.<\/p>\n","protected":false},"excerpt":{"rendered":"<p>Los autos deber\u00e1n estar dotados de una tablet para poder recibir los pedidos de viajes, que reemplazar\u00e1n al actual tax\u00edmetro. El mantenimiento del sistema elevar\u00e1 el costo a una ficha extra por viaje, entre $3 y $4. La Legislatura porte\u00f1a convirti\u00f3 en ley una iniciativa que obliga a los taxis que operen en la Ciudad&hellip;<\/p>\n","protected":false},"author":1,"featured_media":36491,"comment_status":"open","ping_status":"open","sticky":false,"template":"","format":"standard","meta":{"footnotes":""},"categories":[25],"tags":[17711,4284,2276,18869,4972],"class_list":["post-83176","post","type-post","status-publish","format-standard","has-post-thumbnail","hentry","category-sociedad","tag-app","tag-caba","tag-legislatura-portena","tag-tablet","tag-taxi"],"_links":{"self":[{"href":"https:\/\/www.elsindical.com.ar\/notas\/wp-json\/wp\/v2\/posts\/83176","targetHints":{"allow":["GET"]}}],"collection":[{"href":"https:\/\/www.elsindical.com.ar\/notas\/wp-json\/wp\/v2\/posts"}],"about":[{"href":"https:\/\/www.elsindical.com.ar\/notas\/wp-json\/wp\/v2\/types\/post"}],"author":[{"embeddable":true,"href":"https:\/\/www.elsindical.com.ar\/notas\/wp-json\/wp\/v2\/users\/1"}],"replies":[{"embeddable":true,"href":"https:\/\/www.elsindical.com.ar\/notas\/wp-json\/wp\/v2\/comments?post=83176"}],"version-history":[{"count":1,"href":"https:\/\/www.elsindical.com.ar\/notas\/wp-json\/wp\/v2\/posts\/83176\/revisions"}],"predecessor-version":[{"id":83177,"href":"https:\/\/www.elsindical.com.ar\/notas\/wp-json\/wp\/v2\/posts\/83176\/revisions\/83177"}],"wp:featuredmedia":[{"embeddable":true,"href":"https:\/\/www.elsindical.com.ar\/notas\/wp-json\/wp\/v2\/media\/36491"}],"wp:attachment":[{"href":"https:\/\/www.elsindical.com.ar\/notas\/wp-json\/wp\/v2\/media?parent=83176"}],"wp:term":[{"taxonomy":"category","embeddable":true,"href":"https:\/\/www.elsindical.com.ar\/notas\/wp-json\/wp\/v2\/categories?post=83176"},{"taxonomy":"post_tag","embeddable":true,"href":"https:\/\/www.elsindical.com.ar\/notas\/wp-json\/wp\/v2\/tags?post=83176"}],"curies":[{"name":"wp","href":"https:\/\/api.w.org\/{rel}","templated":true}]}}