{"id":83174,"date":"2018-12-07T09:11:13","date_gmt":"2018-12-07T12:11:13","guid":{"rendered":"http:\/\/www.elsindical.com.ar\/notas\/?p=83174"},"modified":"2018-12-07T09:11:13","modified_gmt":"2018-12-07T12:11:13","slug":"el-riesgo-pais-trepa-a-niveles-record-y-el-banco-central-mas-complicado","status":"publish","type":"post","link":"https:\/\/www.elsindical.com.ar\/notas\/el-riesgo-pais-trepa-a-niveles-record-y-el-banco-central-mas-complicado\/","title":{"rendered":"El Riesgo Pa\u00eds trepa a niveles r\u00e9cord y el Banco Central, m\u00e1s complicado"},"content":{"rendered":"\n<figure class=\"wp-block-image\"><img loading=\"lazy\" decoding=\"async\" width=\"227\" height=\"113\" src=\"http:\/\/www.elsindical.com.ar\/notas\/var\/www\/html\/notas\/wp-content\/uploads\/2010\/03\/Banco-Central-Rep\u00fablica-Arg.jpg\" alt=\"\" class=\"wp-image-4217\"\/><\/figure>\n\n\n\n<p>El <strong>riesgo pa\u00eds trep\u00f3 a los 745<\/strong> puntos durante la jornada, pero luego se estabiliz\u00f3, aunque en valores tambi\u00e9n altos.<\/p>\n\n\n\n<p>El \u00edndice del JP Morgan trep\u00f3 a 745 y alcanz\u00f3 el nivel m\u00e1s alto desde septiembre. Adem\u00e1s, las complicaciones del exterior afectan seriamente al Banco Central y complica la toma de deuda.<\/p>\n\n\n\n<p>El \u00edndice del <strong>JP Morgan<\/strong> para establecer el costo \nadicional de pa\u00edses soberanos en sus bonos respecto de los papeles a \ndiez a\u00f1os del Tesoro estadounidense, se ubic\u00f3 en el rango m\u00e1s altos \ndesde septiembre. <strong>En aquel mes hab\u00eda trepado hasta los 741 d\u00edas.<\/strong><\/p>\n\n\n\n<p>El nivel todav\u00eda no lleg\u00f3 a la puntuaci\u00f3n m\u00e1xima de este a\u00f1o, cuando el riesgo pa\u00eds lleg\u00f3 a tocar un tope de <strong>800 puntos<\/strong> en la rueda del 31 de agosto, para cerrar estabiliz\u00e1ndose en<strong> 771 puntos b\u00e1sicos.<\/strong><\/p>\n\n\n\n<p>Analistas del sector privado consideran que el comportamiento del<strong> riesgo pa\u00eds es un factor que impacta m\u00e1s en la econom\u00eda argentina que el tipo de cambio.<\/strong><\/p>\n\n\n\n<p>Adem\u00e1s, el <strong>Banco Central<\/strong> est\u00e1 recibiendo complicaciones inesperadas del exterior y la mayor dureza tiene que ver con la ausencia de la<strong> posibilidad de tomar dinero en el exterior.<\/strong><\/p>\n\n\n\n<p>Dentro del pa\u00eds no puede, porque es esclavo de sus propias tasas y <strong>casi todo lo que capta es para renovar pr\u00e9stamos del pasado.<\/strong><\/p>\n","protected":false},"excerpt":{"rendered":"<p>El riesgo pa\u00eds trep\u00f3 a los 745 puntos durante la jornada, pero luego se estabiliz\u00f3, aunque en valores tambi\u00e9n altos. El \u00edndice del JP Morgan trep\u00f3 a 745 y alcanz\u00f3 el nivel m\u00e1s alto desde septiembre. Adem\u00e1s, las complicaciones del exterior afectan seriamente al Banco Central y complica la toma de deuda. El \u00edndice del&hellip;<\/p>\n","protected":false},"author":1,"featured_media":4217,"comment_status":"open","ping_status":"open","sticky":false,"template":"","format":"standard","meta":{"footnotes":""},"categories":[9],"tags":[1539,22023,29987],"class_list":["post-83174","post","type-post","status-publish","format-standard","has-post-thumbnail","hentry","category-economia","tag-banco-central","tag-economia","tag-riesgo-pais"],"_links":{"self":[{"href":"https:\/\/www.elsindical.com.ar\/notas\/wp-json\/wp\/v2\/posts\/83174","targetHints":{"allow":["GET"]}}],"collection":[{"href":"https:\/\/www.elsindical.com.ar\/notas\/wp-json\/wp\/v2\/posts"}],"about":[{"href":"https:\/\/www.elsindical.com.ar\/notas\/wp-json\/wp\/v2\/types\/post"}],"author":[{"embeddable":true,"href":"https:\/\/www.elsindical.com.ar\/notas\/wp-json\/wp\/v2\/users\/1"}],"replies":[{"embeddable":true,"href":"https:\/\/www.elsindical.com.ar\/notas\/wp-json\/wp\/v2\/comments?post=83174"}],"version-history":[{"count":1,"href":"https:\/\/www.elsindical.com.ar\/notas\/wp-json\/wp\/v2\/posts\/83174\/revisions"}],"predecessor-version":[{"id":83175,"href":"https:\/\/www.elsindical.com.ar\/notas\/wp-json\/wp\/v2\/posts\/83174\/revisions\/83175"}],"wp:featuredmedia":[{"embeddable":true,"href":"https:\/\/www.elsindical.com.ar\/notas\/wp-json\/wp\/v2\/media\/4217"}],"wp:attachment":[{"href":"https:\/\/www.elsindical.com.ar\/notas\/wp-json\/wp\/v2\/media?parent=83174"}],"wp:term":[{"taxonomy":"category","embeddable":true,"href":"https:\/\/www.elsindical.com.ar\/notas\/wp-json\/wp\/v2\/categories?post=83174"},{"taxonomy":"post_tag","embeddable":true,"href":"https:\/\/www.elsindical.com.ar\/notas\/wp-json\/wp\/v2\/tags?post=83174"}],"curies":[{"name":"wp","href":"https:\/\/api.w.org\/{rel}","templated":true}]}}