{"id":83061,"date":"2018-12-03T11:26:15","date_gmt":"2018-12-03T14:26:15","guid":{"rendered":"http:\/\/www.elsindical.com.ar\/notas\/?p=83061"},"modified":"2018-12-03T11:26:15","modified_gmt":"2018-12-03T14:26:15","slug":"lomas-de-zamora-mujer-policia-de-20-anos-mato-a-joven-de-19-que-intento-robarle","status":"publish","type":"post","link":"https:\/\/www.elsindical.com.ar\/notas\/lomas-de-zamora-mujer-policia-de-20-anos-mato-a-joven-de-19-que-intento-robarle\/","title":{"rendered":"Lomas de Zamora: Mujer polic\u00eda de 20 a\u00f1os mat\u00f3 a joven de 19 que intent\u00f3 robarle"},"content":{"rendered":"<p><a href=\"http:\/\/www.elsindical.com.ar\/notas\/var\/www\/html\/notas\/wp-content\/uploads\/2018\/12\/Dami\u00e1n-Alejandro-Fonseca-Gonz\u00e1lez.jpg\"><img loading=\"lazy\" decoding=\"async\" class=\"alignnone size-medium wp-image-83062\" src=\"http:\/\/www.elsindical.com.ar\/notas\/var\/www\/html\/notas\/wp-content\/uploads\/2018\/12\/Dami\u00e1n-Alejandro-Fonseca-Gonz\u00e1lez-300x169.jpg\" alt=\"\" width=\"300\" height=\"169\" srcset=\"https:\/\/www.elsindical.com.ar\/notas\/var\/www\/html\/notas\/wp-content\/uploads\/2018\/12\/Dami\u00e1n-Alejandro-Fonseca-Gonz\u00e1lez-300x169.jpg 300w, https:\/\/www.elsindical.com.ar\/notas\/var\/www\/html\/notas\/wp-content\/uploads\/2018\/12\/Dami\u00e1n-Alejandro-Fonseca-Gonz\u00e1lez-768x432.jpg 768w, https:\/\/www.elsindical.com.ar\/notas\/var\/www\/html\/notas\/wp-content\/uploads\/2018\/12\/Dami\u00e1n-Alejandro-Fonseca-Gonz\u00e1lez-500x281.jpg 500w, https:\/\/www.elsindical.com.ar\/notas\/var\/www\/html\/notas\/wp-content\/uploads\/2018\/12\/Dami\u00e1n-Alejandro-Fonseca-Gonz\u00e1lez-460x260.jpg 460w, https:\/\/www.elsindical.com.ar\/notas\/var\/www\/html\/notas\/wp-content\/uploads\/2018\/12\/Dami\u00e1n-Alejandro-Fonseca-Gonz\u00e1lez.jpg 970w\" sizes=\"auto, (max-width: 300px) 100vw, 300px\" \/><\/a>La agente de la Bonaerense estaba vestida de civil cuando fue interceptada por un chico de 19 a\u00f1os que trat\u00f3 de asaltarla en la localidad bonaerense de Temperley.<\/p>\n<p>Una polic\u00eda mat\u00f3 a un delincuente durante un tiroteo luego de que intent\u00f3 robarla mientras caminaba en la localidad bonaerense de Temperley,.<\/p>\n<p>El hecho ocurri\u00f3 el s\u00e1bado, alrededor de las 21:45, en el cruce de Triunvirato y Gral. Acha, en esa citada localidad del partido de Lomas de Zamora, en la zona sur del conurbano.<\/p>\n<p>Fuentes policiales informaron que todo comenz\u00f3 cuando una integrante de la fuerza estaba de franco y vestida de civil y fue interceptada por un delincuente armado.<\/p>\n<p>La mujer, de 20 a\u00f1os, dio la voz de alto, tras lo cual extrajo su pistola reglamentaria e intent\u00f3 persuadirlo para que depusiera su actitud, pero el asaltante se resisti\u00f3 y se origin\u00f3 un enfrentamiento.<\/p>\n<p>Seg\u00fan las fuentes,\u00a0<strong>Dami\u00e1n Alejandro Fonseca Gonz\u00e1lez<\/strong>, de 19 a\u00f1os,\u00a0 recibi\u00f3 un impacto de bala en el cuerpo y cay\u00f3 al piso, donde muri\u00f3 a los pocos minutos a ra\u00edz de las lesiones sufridas.<\/p>\n<p>Efectivos de la comisar\u00eda 3ra. de Temperley arribaron al lugar y constataron el deceso del hombre, quien ten\u00eda al costado suyo un rev\u00f3lver, a\u00f1adieron los voceros.<\/p>\n<p>El hecho es investigado por el fiscal <strong>Lorenzo Latorre<\/strong>, a cargo de la Unidad Funcional de Instrucci\u00f3n (UFI) 3 del Departamento Judicial Lomas de Zamora, quien dispuso que la oficial siga en libertad por haberse tratado de un caso de <em>\u00ableg\u00edtima defensa\u00bb<\/em>.<\/p>\n","protected":false},"excerpt":{"rendered":"<p>La agente de la Bonaerense estaba vestida de civil cuando fue interceptada por un chico de 19 a\u00f1os que trat\u00f3 de asaltarla en la localidad bonaerense de Temperley. Una polic\u00eda mat\u00f3 a un delincuente durante un tiroteo luego de que intent\u00f3 robarla mientras caminaba en la localidad bonaerense de Temperley,. El hecho ocurri\u00f3 el s\u00e1bado,&hellip;<\/p>\n","protected":false},"author":1,"featured_media":83062,"comment_status":"open","ping_status":"open","sticky":false,"template":"","format":"standard","meta":{"footnotes":""},"categories":[22],"tags":[11792,744,116,1430],"class_list":["post-83061","post","type-post","status-publish","format-standard","has-post-thumbnail","hentry","category-policiales","tag-entradera","tag-lomas-de-zamora","tag-robo","tag-temperley"],"_links":{"self":[{"href":"https:\/\/www.elsindical.com.ar\/notas\/wp-json\/wp\/v2\/posts\/83061","targetHints":{"allow":["GET"]}}],"collection":[{"href":"https:\/\/www.elsindical.com.ar\/notas\/wp-json\/wp\/v2\/posts"}],"about":[{"href":"https:\/\/www.elsindical.com.ar\/notas\/wp-json\/wp\/v2\/types\/post"}],"author":[{"embeddable":true,"href":"https:\/\/www.elsindical.com.ar\/notas\/wp-json\/wp\/v2\/users\/1"}],"replies":[{"embeddable":true,"href":"https:\/\/www.elsindical.com.ar\/notas\/wp-json\/wp\/v2\/comments?post=83061"}],"version-history":[{"count":1,"href":"https:\/\/www.elsindical.com.ar\/notas\/wp-json\/wp\/v2\/posts\/83061\/revisions"}],"predecessor-version":[{"id":83063,"href":"https:\/\/www.elsindical.com.ar\/notas\/wp-json\/wp\/v2\/posts\/83061\/revisions\/83063"}],"wp:featuredmedia":[{"embeddable":true,"href":"https:\/\/www.elsindical.com.ar\/notas\/wp-json\/wp\/v2\/media\/83062"}],"wp:attachment":[{"href":"https:\/\/www.elsindical.com.ar\/notas\/wp-json\/wp\/v2\/media?parent=83061"}],"wp:term":[{"taxonomy":"category","embeddable":true,"href":"https:\/\/www.elsindical.com.ar\/notas\/wp-json\/wp\/v2\/categories?post=83061"},{"taxonomy":"post_tag","embeddable":true,"href":"https:\/\/www.elsindical.com.ar\/notas\/wp-json\/wp\/v2\/tags?post=83061"}],"curies":[{"name":"wp","href":"https:\/\/api.w.org\/{rel}","templated":true}]}}