{"id":83036,"date":"2018-12-02T13:21:20","date_gmt":"2018-12-02T16:21:20","guid":{"rendered":"http:\/\/www.elsindical.com.ar\/notas\/?p=83036"},"modified":"2018-12-02T14:19:33","modified_gmt":"2018-12-02T17:19:33","slug":"avellaneda-vecinos-de-gerli-reclaman-al-municipio-por-peligro-de-accidentes","status":"publish","type":"post","link":"https:\/\/www.elsindical.com.ar\/notas\/avellaneda-vecinos-de-gerli-reclaman-al-municipio-por-peligro-de-accidentes\/","title":{"rendered":"Avellaneda: Vecinos de Gerli reclaman al municipio por peligro de accidentes"},"content":{"rendered":"<p><a href=\"http:\/\/www.elsindical.com.ar\/notas\/var\/www\/html\/notas\/wp-content\/uploads\/2018\/12\/20181202_101610.jpg\"><img loading=\"lazy\" decoding=\"async\" class=\"alignnone size-medium wp-image-83038\" src=\"http:\/\/www.elsindical.com.ar\/notas\/var\/www\/html\/notas\/wp-content\/uploads\/2018\/12\/20181202_101610-225x300.jpg\" alt=\"\" width=\"225\" height=\"300\" srcset=\"https:\/\/www.elsindical.com.ar\/notas\/var\/www\/html\/notas\/wp-content\/uploads\/2018\/12\/20181202_101610-225x300.jpg 225w, https:\/\/www.elsindical.com.ar\/notas\/var\/www\/html\/notas\/wp-content\/uploads\/2018\/12\/20181202_101610-768x1024.jpg 768w, https:\/\/www.elsindical.com.ar\/notas\/var\/www\/html\/notas\/wp-content\/uploads\/2018\/12\/20181202_101610.jpg 915w\" sizes=\"auto, (max-width: 225px) 100vw, 225px\" \/><\/a>\u00a0 \u00a0Vecinos de la localidad de Gelri, llevan d\u00edas reclamando que el municipio de Avellaneda que conduce Jorge Ferrraresi, se ocupe de la reparaci\u00f3n y cierre de una boca de tormenta ubicada en la esquina de la intersecci\u00f3n de las calles Lacarra y Lafuente.<\/p>\n<p>Ademas de la falta de la tapa, es necesario reparar la esquina, el dep\u00f3sito de la boca de tormenta sin la tapa se transforma en una peligrosa trampa para distra\u00eddos y menores, a pesar de llevar varios d\u00edas reclamando, a la fecha el lugar se encuentra en las mismas condiciones y sin una fecha cierta de reparaci\u00f3n por parte de los responsables del municipio.<\/p>\n<p>Son muchas las quejas sobre el funcionamiento del CAV (Centro de Atenci\u00f3n al Vecino)\u00a0<strong><a href=\"tel:0800-122-6323\">0800-122-6323<\/a>\u00a0<\/strong>donde las denuncias especialmente nunca tienen resultado.<\/p>\n<p>Estimamos no es necesario recordarle al ingeniero intendente que estas cosas no pueden esperar y que el municipio es responsable de cuidar a los vecinos, m\u00e1s en un municipio donde se paga un extra por emergentolog\u00eda.<\/p>\n<p><a href=\"http:\/\/www.elsindical.com.ar\/notas\/var\/www\/html\/notas\/wp-content\/uploads\/2018\/12\/20181202_101616.jpg\"><img loading=\"lazy\" decoding=\"async\" class=\"alignnone size-medium wp-image-83037\" src=\"http:\/\/www.elsindical.com.ar\/notas\/var\/www\/html\/notas\/wp-content\/uploads\/2018\/12\/20181202_101616-300x225.jpg\" alt=\"\" width=\"300\" height=\"225\" srcset=\"https:\/\/www.elsindical.com.ar\/notas\/var\/www\/html\/notas\/wp-content\/uploads\/2018\/12\/20181202_101616-300x225.jpg 300w, https:\/\/www.elsindical.com.ar\/notas\/var\/www\/html\/notas\/wp-content\/uploads\/2018\/12\/20181202_101616-768x577.jpg 768w, https:\/\/www.elsindical.com.ar\/notas\/var\/www\/html\/notas\/wp-content\/uploads\/2018\/12\/20181202_101616-400x300.jpg 400w, https:\/\/www.elsindical.com.ar\/notas\/var\/www\/html\/notas\/wp-content\/uploads\/2018\/12\/20181202_101616.jpg 915w\" sizes=\"auto, (max-width: 300px) 100vw, 300px\" \/><\/a> <a href=\"http:\/\/www.elsindical.com.ar\/notas\/var\/www\/html\/notas\/wp-content\/uploads\/2018\/12\/20181202_101601.jpg\"><img loading=\"lazy\" decoding=\"async\" class=\"alignnone size-medium wp-image-83039\" src=\"http:\/\/www.elsindical.com.ar\/notas\/var\/www\/html\/notas\/wp-content\/uploads\/2018\/12\/20181202_101601-225x300.jpg\" alt=\"\" width=\"225\" height=\"300\" srcset=\"https:\/\/www.elsindical.com.ar\/notas\/var\/www\/html\/notas\/wp-content\/uploads\/2018\/12\/20181202_101601-225x300.jpg 225w, https:\/\/www.elsindical.com.ar\/notas\/var\/www\/html\/notas\/wp-content\/uploads\/2018\/12\/20181202_101601-768x1024.jpg 768w, https:\/\/www.elsindical.com.ar\/notas\/var\/www\/html\/notas\/wp-content\/uploads\/2018\/12\/20181202_101601.jpg 915w\" sizes=\"auto, (max-width: 225px) 100vw, 225px\" \/><\/a><\/p>\n","protected":false},"excerpt":{"rendered":"<p>\u00a0 \u00a0Vecinos de la localidad de Gelri, llevan d\u00edas reclamando que el municipio de Avellaneda que conduce Jorge Ferrraresi, se ocupe de la reparaci\u00f3n y cierre de una boca de tormenta ubicada en la esquina de la intersecci\u00f3n de las calles Lacarra y Lafuente. Ademas de la falta de la tapa, es necesario reparar la&hellip;<\/p>\n","protected":false},"author":1,"featured_media":83038,"comment_status":"open","ping_status":"open","sticky":false,"template":"","format":"standard","meta":{"footnotes":""},"categories":[6],"tags":[461,29966,22020,1662,1062,986],"class_list":["post-83036","post","type-post","status-publish","format-standard","has-post-thumbnail","hentry","category-denuncias","tag-avellaneda","tag-cav","tag-denuncias","tag-gerli","tag-jorge-ferraresi","tag-vecinos"],"_links":{"self":[{"href":"https:\/\/www.elsindical.com.ar\/notas\/wp-json\/wp\/v2\/posts\/83036","targetHints":{"allow":["GET"]}}],"collection":[{"href":"https:\/\/www.elsindical.com.ar\/notas\/wp-json\/wp\/v2\/posts"}],"about":[{"href":"https:\/\/www.elsindical.com.ar\/notas\/wp-json\/wp\/v2\/types\/post"}],"author":[{"embeddable":true,"href":"https:\/\/www.elsindical.com.ar\/notas\/wp-json\/wp\/v2\/users\/1"}],"replies":[{"embeddable":true,"href":"https:\/\/www.elsindical.com.ar\/notas\/wp-json\/wp\/v2\/comments?post=83036"}],"version-history":[{"count":2,"href":"https:\/\/www.elsindical.com.ar\/notas\/wp-json\/wp\/v2\/posts\/83036\/revisions"}],"predecessor-version":[{"id":83042,"href":"https:\/\/www.elsindical.com.ar\/notas\/wp-json\/wp\/v2\/posts\/83036\/revisions\/83042"}],"wp:featuredmedia":[{"embeddable":true,"href":"https:\/\/www.elsindical.com.ar\/notas\/wp-json\/wp\/v2\/media\/83038"}],"wp:attachment":[{"href":"https:\/\/www.elsindical.com.ar\/notas\/wp-json\/wp\/v2\/media?parent=83036"}],"wp:term":[{"taxonomy":"category","embeddable":true,"href":"https:\/\/www.elsindical.com.ar\/notas\/wp-json\/wp\/v2\/categories?post=83036"},{"taxonomy":"post_tag","embeddable":true,"href":"https:\/\/www.elsindical.com.ar\/notas\/wp-json\/wp\/v2\/tags?post=83036"}],"curies":[{"name":"wp","href":"https:\/\/api.w.org\/{rel}","templated":true}]}}