{"id":83028,"date":"2018-12-01T21:42:25","date_gmt":"2018-12-02T00:42:25","guid":{"rendered":"http:\/\/www.elsindical.com.ar\/notas\/?p=83028"},"modified":"2018-12-01T21:42:25","modified_gmt":"2018-12-02T00:42:25","slug":"llavallol-otro-detenido-por-el-confuso-crimen-de-un-hombre","status":"publish","type":"post","link":"https:\/\/www.elsindical.com.ar\/notas\/llavallol-otro-detenido-por-el-confuso-crimen-de-un-hombre\/","title":{"rendered":"Llavallol: Otro detenido por el confuso crimen de un hombre"},"content":{"rendered":"<p><a href=\"http:\/\/www.elsindical.com.ar\/notas\/var\/www\/html\/notas\/wp-content\/uploads\/2018\/12\/guygo.jpg\"><img loading=\"lazy\" decoding=\"async\" class=\"alignnone size-medium wp-image-83029\" src=\"http:\/\/www.elsindical.com.ar\/notas\/var\/www\/html\/notas\/wp-content\/uploads\/2018\/12\/guygo-198x300.jpg\" alt=\"\" width=\"198\" height=\"300\" srcset=\"https:\/\/www.elsindical.com.ar\/notas\/var\/www\/html\/notas\/wp-content\/uploads\/2018\/12\/guygo-198x300.jpg 198w, https:\/\/www.elsindical.com.ar\/notas\/var\/www\/html\/notas\/wp-content\/uploads\/2018\/12\/guygo.jpg 417w\" sizes=\"auto, (max-width: 198px) 100vw, 198px\" \/><\/a>El crimen de un hombre de 36, en un confuso hecho ocurrido en Llavallol el 6 de noviembre \u00faltimo, tuvo un giro inesperado. La polic\u00eda detuvo a un joven de 23 a\u00f1os que habr\u00eda actuado como c\u00f3mplice del homicida, que permanece tras las rejas desde pocas horas despu\u00e9s del hecho.<\/p>\n<p>En torno al m\u00f3vil del crimen de Diego Fern\u00e1ndez, de 36 a\u00f1os, hay dos versiones. La que sostiene muchos vecinos indican que un ni\u00f1o les revel\u00f3 a su familiares que hab\u00eda sido abusado por la v\u00edctima, su padre \u2013 Jonathan Leguizam\u00f3n \u2013 se enter\u00f3, ingres\u00f3 a la vivienda de Fern\u00e1ndez y lo fusil\u00f3. En tanto, desde la familia de la v\u00edctima afirman que el supuesto abuso no existi\u00f3 y que en verdad el hombre asesinado manten\u00eda una relaci\u00f3n sentimental con la ex pareja de Leguizam\u00f3n y ese habr\u00eda sido del m\u00f3vil del crimen.<\/p>\n<p>Lo cierto es que ninguna de las dos versiones inclu\u00eda a otra persona adem\u00e1s de Fern\u00e1ndez y Leguizam\u00f3n. Por eso sorprendi\u00f3 este viernes la noticia de que fue detenido en el barrio \u201cEl Campanario\u201d de Llavallol un joven de 23 a\u00f1os, apodado \u201cGuas\u00f3n\u201d. Se lo acusa de ser c\u00f3mplice de Leguizam\u00f3n en el homicidio.<\/p>\n<p>Los investigadores entienden que con esta declaraci\u00f3n, el caso est\u00e1 cerrado y queda por establecer con m\u00e1s certeza el m\u00f3vil del crimen.<\/p>\n<p>El homicidio tuvo lugar el 6 de noviembre \u00faltimo por la madrugada en una vivienda ubicada en Rauch y Santos Vega, en Llavallol.<\/p>\n<p>Seg\u00fan fuentes judiciales indicaron, un joven identificado como Jonathan Leguizam\u00f3n, de 35 a\u00f1os, irrumpi\u00f3 en la casa, donde se encontraba Diego Fern\u00e1ndez, de 36 a\u00f1os.<\/p>\n<p>Sin mediar muchas palabras, Leguizam\u00f3n sorprendi\u00f3 a Fern\u00e1ndez y lo asesin\u00f3 de tres balazos, uno de ellos impact\u00f3 en la cabeza. La v\u00edctima qued\u00f3 malherida en la vivienda y fue trasladada de urgencia al Hospital Gandulfo, donde falleci\u00f3 a poco de ingresar.<\/p>\n<p>En tanto, Leguizam\u00f3n fue apresado a unas cuadras del lugar \u2013 luego de ser se\u00f1alado por algunos vecinos \u2013 sin oponer resistencia.<\/p>\n<p>La causa \u2013 caratulada \u201chomicidio agravado por el empleo de arma de fuego\u201d \u2013 se encuentra en la UFI 5 de Lomas de Zamora, a cargo del Fiscal Gustavo Caram.<\/p>\n","protected":false},"excerpt":{"rendered":"<p>El crimen de un hombre de 36, en un confuso hecho ocurrido en Llavallol el 6 de noviembre \u00faltimo, tuvo un giro inesperado. La polic\u00eda detuvo a un joven de 23 a\u00f1os que habr\u00eda actuado como c\u00f3mplice del homicida, que permanece tras las rejas desde pocas horas despu\u00e9s del hecho. En torno al m\u00f3vil del&hellip;<\/p>\n","protected":false},"author":1,"featured_media":83029,"comment_status":"open","ping_status":"open","sticky":false,"template":"","format":"standard","meta":{"footnotes":""},"categories":[22],"tags":[363,22301,91,29965,23294,21017],"class_list":["post-83028","post","type-post","status-publish","format-standard","has-post-thumbnail","hentry","category-policiales","tag-asesinato","tag-comisario-mayor-javier-carlos-villar","tag-detenido","tag-guason","tag-jefatura-departamental-avellaneda-lanus-lomas","tag-llavallol"],"_links":{"self":[{"href":"https:\/\/www.elsindical.com.ar\/notas\/wp-json\/wp\/v2\/posts\/83028","targetHints":{"allow":["GET"]}}],"collection":[{"href":"https:\/\/www.elsindical.com.ar\/notas\/wp-json\/wp\/v2\/posts"}],"about":[{"href":"https:\/\/www.elsindical.com.ar\/notas\/wp-json\/wp\/v2\/types\/post"}],"author":[{"embeddable":true,"href":"https:\/\/www.elsindical.com.ar\/notas\/wp-json\/wp\/v2\/users\/1"}],"replies":[{"embeddable":true,"href":"https:\/\/www.elsindical.com.ar\/notas\/wp-json\/wp\/v2\/comments?post=83028"}],"version-history":[{"count":1,"href":"https:\/\/www.elsindical.com.ar\/notas\/wp-json\/wp\/v2\/posts\/83028\/revisions"}],"predecessor-version":[{"id":83030,"href":"https:\/\/www.elsindical.com.ar\/notas\/wp-json\/wp\/v2\/posts\/83028\/revisions\/83030"}],"wp:featuredmedia":[{"embeddable":true,"href":"https:\/\/www.elsindical.com.ar\/notas\/wp-json\/wp\/v2\/media\/83029"}],"wp:attachment":[{"href":"https:\/\/www.elsindical.com.ar\/notas\/wp-json\/wp\/v2\/media?parent=83028"}],"wp:term":[{"taxonomy":"category","embeddable":true,"href":"https:\/\/www.elsindical.com.ar\/notas\/wp-json\/wp\/v2\/categories?post=83028"},{"taxonomy":"post_tag","embeddable":true,"href":"https:\/\/www.elsindical.com.ar\/notas\/wp-json\/wp\/v2\/tags?post=83028"}],"curies":[{"name":"wp","href":"https:\/\/api.w.org\/{rel}","templated":true}]}}