{"id":82885,"date":"2018-11-25T15:39:21","date_gmt":"2018-11-25T18:39:21","guid":{"rendered":"http:\/\/www.elsindical.com.ar\/notas\/?p=82885"},"modified":"2018-11-25T15:39:21","modified_gmt":"2018-11-25T18:39:21","slug":"con-siete-allanamientos-desarticulan-una-banda-que-hacia-entraderas-en-lanus-y-quilmes","status":"publish","type":"post","link":"https:\/\/www.elsindical.com.ar\/notas\/con-siete-allanamientos-desarticulan-una-banda-que-hacia-entraderas-en-lanus-y-quilmes\/","title":{"rendered":"Con siete allanamientos desarticulan una banda que hac\u00eda \u201centraderas\u201d en Lan\u00fas y Quilmes"},"content":{"rendered":"<p><a href=\"http:\/\/www.elsindical.com.ar\/notas\/var\/www\/html\/notas\/wp-content\/uploads\/2018\/11\/banda-entraderas-Lan\u00fas-y-Quilmes.jpeg\"><img loading=\"lazy\" decoding=\"async\" class=\"alignnone size-medium wp-image-82886\" src=\"http:\/\/www.elsindical.com.ar\/notas\/var\/www\/html\/notas\/wp-content\/uploads\/2018\/11\/banda-entraderas-Lan\u00fas-y-Quilmes-300x206.jpeg\" alt=\"\" width=\"300\" height=\"206\" srcset=\"https:\/\/www.elsindical.com.ar\/notas\/var\/www\/html\/notas\/wp-content\/uploads\/2018\/11\/banda-entraderas-Lan\u00fas-y-Quilmes-300x206.jpeg 300w, https:\/\/www.elsindical.com.ar\/notas\/var\/www\/html\/notas\/wp-content\/uploads\/2018\/11\/banda-entraderas-Lan\u00fas-y-Quilmes-437x300.jpeg 437w, https:\/\/www.elsindical.com.ar\/notas\/var\/www\/html\/notas\/wp-content\/uploads\/2018\/11\/banda-entraderas-Lan\u00fas-y-Quilmes.jpeg 640w\" sizes=\"auto, (max-width: 300px) 100vw, 300px\" \/><\/a>Una banda que comet\u00eda entraderas en la zona sur del Gran Buenos Aires fue desarticulada en siete allanamientos desplegados en Quilmes, Lan\u00fas y Berazategui donde efectivos de la Provincia de Buenos Aires recuperaron elementos sustra\u00eddos en distintos hechos, entre ellos dinero en efectivo, autos, motos y documentaci\u00f3n ap\u00f3crifa.<\/p>\n<p>Los allanamientos, siete en total, se realizaron en distintos domicilios de la zona sur del Conurbano luego de que registros f\u00edlmicos permitiera a los uniformados identificar a los cinco integrantes de esta organizaci\u00f3n en el momento en el que comet\u00edan los il\u00edcitos.<\/p>\n<p>Cabe destacar que para dificultar la b\u00fasqueda y localizaci\u00f3n por parte de la Polic\u00eda, los delincuentes adulteraban las letras de las chapas patentes de los veh\u00edculos que utilizaban para cometer los atracos ya que est\u00e1n registrados a su nombre.<\/p>\n<p>Como resultado de los procedimientos cuatro hombres y una mujer, todos ellos mayores de edad, quedaron a disposici\u00f3n de la Justicia. Se incautaron relojes, electrodom\u00e9sticos, unos 50 mil pesos en efectivo adem\u00e1s de 7 mil d\u00f3lares, armas, tres autos, dos motos y documentaci\u00f3n ap\u00f3crifa de automotores con los que comet\u00edan los hechos.<\/p>\n<p>Interviene UFI Nro. 7 y Juzgado de Garant\u00eda 1, ambos del Departamento Judicial Quilmes.<\/p>\n","protected":false},"excerpt":{"rendered":"<p>Una banda que comet\u00eda entraderas en la zona sur del Gran Buenos Aires fue desarticulada en siete allanamientos desplegados en Quilmes, Lan\u00fas y Berazategui donde efectivos de la Provincia de Buenos Aires recuperaron elementos sustra\u00eddos en distintos hechos, entre ellos dinero en efectivo, autos, motos y documentaci\u00f3n ap\u00f3crifa. Los allanamientos, siete en total, se realizaron&hellip;<\/p>\n","protected":false},"author":1,"featured_media":82886,"comment_status":"open","ping_status":"open","sticky":false,"template":"","format":"standard","meta":{"footnotes":""},"categories":[22],"tags":[29935,1277,209,684],"class_list":["post-82885","post","type-post","status-publish","format-standard","has-post-thumbnail","hentry","category-policiales","tag-banda-entraderas","tag-berazategui","tag-lanus","tag-quilmes"],"_links":{"self":[{"href":"https:\/\/www.elsindical.com.ar\/notas\/wp-json\/wp\/v2\/posts\/82885","targetHints":{"allow":["GET"]}}],"collection":[{"href":"https:\/\/www.elsindical.com.ar\/notas\/wp-json\/wp\/v2\/posts"}],"about":[{"href":"https:\/\/www.elsindical.com.ar\/notas\/wp-json\/wp\/v2\/types\/post"}],"author":[{"embeddable":true,"href":"https:\/\/www.elsindical.com.ar\/notas\/wp-json\/wp\/v2\/users\/1"}],"replies":[{"embeddable":true,"href":"https:\/\/www.elsindical.com.ar\/notas\/wp-json\/wp\/v2\/comments?post=82885"}],"version-history":[{"count":1,"href":"https:\/\/www.elsindical.com.ar\/notas\/wp-json\/wp\/v2\/posts\/82885\/revisions"}],"predecessor-version":[{"id":82887,"href":"https:\/\/www.elsindical.com.ar\/notas\/wp-json\/wp\/v2\/posts\/82885\/revisions\/82887"}],"wp:featuredmedia":[{"embeddable":true,"href":"https:\/\/www.elsindical.com.ar\/notas\/wp-json\/wp\/v2\/media\/82886"}],"wp:attachment":[{"href":"https:\/\/www.elsindical.com.ar\/notas\/wp-json\/wp\/v2\/media?parent=82885"}],"wp:term":[{"taxonomy":"category","embeddable":true,"href":"https:\/\/www.elsindical.com.ar\/notas\/wp-json\/wp\/v2\/categories?post=82885"},{"taxonomy":"post_tag","embeddable":true,"href":"https:\/\/www.elsindical.com.ar\/notas\/wp-json\/wp\/v2\/tags?post=82885"}],"curies":[{"name":"wp","href":"https:\/\/api.w.org\/{rel}","templated":true}]}}