{"id":8283,"date":"2010-08-04T18:28:31","date_gmt":"2010-08-04T21:28:31","guid":{"rendered":"http:\/\/www.elsindical.com.ar\/notas\/?p=8283"},"modified":"2010-08-04T18:28:31","modified_gmt":"2010-08-04T21:28:31","slug":"roban-banco-en-pleno-microcentro","status":"publish","type":"post","link":"https:\/\/www.elsindical.com.ar\/notas\/roban-banco-en-pleno-microcentro\/","title":{"rendered":"Roban banco en pleno microcentro"},"content":{"rendered":"<p style=\"text-align: justify;\"><em><a href=\"http:\/\/www.elsindical.com.ar\/notas\/var\/www\/html\/notas\/wp-content\/uploads\/2010\/08\/robo-banco-microcentro.jpg\"><img loading=\"lazy\" decoding=\"async\" class=\"alignleft size-full wp-image-8284\" title=\"robo-banco-microcentro\" src=\"http:\/\/www.elsindical.com.ar\/notas\/var\/www\/html\/notas\/wp-content\/uploads\/2010\/08\/robo-banco-microcentro.jpg\" alt=\"\" width=\"259\" height=\"210\" \/><\/a>Ocurri\u00f3 en pleno microcentro porte\u00f1o. Los asaltantes amenazaron con detonar el artefacto. La polic\u00eda pudo atrapar a uno de ellos cuando hu\u00eda con el dinero robado de las cajas.<\/em><\/p>\n<p style=\"text-align: justify;\">Tres delincuentes armados con pistolas y con una granada asaltaron este mediod\u00eda una sucursal del Nuevo Banco del Chaco, del microcentro porte\u00f1o, y tras realizar disparos intimidatorios y amenazar con detonar el artefacto, robaron dinero de dos cajas, aunque uno fue detenido.<\/p>\n<p>Fuentes policiales informaron a T\u00e9lam que el hecho sucedi\u00f3 en el banco situado en Sarmiento 781, donde la polic\u00eda alcanz\u00f3 a atrapar a uno de los asaltantes, con el dinero robado y la granada. Fuentes policiales informaron a T\u00e9lam que el hecho sucedi\u00f3 cerca de las 11 en el banco situado en Sarmiento 781, a metros del cruce con la calle Esmeralda.<\/p>\n<p>Tres delincuentes ingresaron y se dirigieron directamente al sector de cajas, donde uno de ellos realiz\u00f3 dos disparos intimidatorios al aire y otro salt\u00f3 el mostrador de uno de los cajeros.<\/p>\n<p>Mientras uno de los asaltantes se apoderaba del dinero de dos cajas de atenci\u00f3n al p\u00fablico, sus c\u00f3mplices manten\u00edan amenazados a empleados y clientes con pistolas y una granada, que amenazaron con hacer explotar, dijo a T\u00e9lam un jefe policial consultado.<\/p>\n<p>En pocos segundos, tras concretar el robo, los asaltantes emprendieron la huida, aunque uno de ellos no alcanz\u00f3 a salir del banco y fue detenido por un polic\u00eda que estaba en la zona.<\/p>\n<p>Efectivos de la seccional primera llegaron enseguida al lugar y realizaron un operativo, aunque no lograron atrapar a los dem\u00e1s ladrones.<\/p>\n<p>En poder del detenido se secuestr\u00f3 el dinero robado, mientras que en el interior del banco los efectivos hallaron la granada y dos vainas servidas.<\/p>\n<p>Carlos Sommer, funcionario del banco, cont\u00f3 este mediod\u00eda a la prensa que \u00abtres personas entraron a robar al banco, aunque por suerte no hay personal herido\u00bb.<\/p>\n<p>\u00abHay una persona detenida dentro del banco, uno de los asaltantes, y los otros dos huyeron. Los dos que huyeron estaban armados, el detenido aparentemente no\u00bb, agreg\u00f3.<\/p>\n<p>Sommer dijo que los ladrones se dirigieron \u00abdirectamente a las cajas, saltaron por arriba de las cajas y amenazaron a los cajeros con la intenci\u00f3n de robar\u00bb.<\/p>\n<p>El vocero dijo que si bien existi\u00f3 \u00abla violencia propia del asalto\u00bb no hubo personas heridas, aunque \u00abel personal est\u00e1 asustado, con la crisis que provoca este tipo de situaci\u00f3n\u00bb.<\/p>\n<p>En tanto, tras enterarse del episodio, el vocero de la Asociaci\u00f3n Bancaria, Eduardo Berrozpe, dijo que en el banco \u00abhab\u00eda medidas de seguridad que fallaron, por ejemplo, que no hab\u00eda un vidrio que separara el mostrador de los clientes\u00bb.<\/p>\n<p>No obstante, para Berrozpe \u00abhay otra cosa\u00bb: \u00abSalideras hay, hechos delictivos hay, pero tambi\u00e9n una mano negra, una maniobra de desestabilizaci\u00f3n al gobierno\u00bb.<\/p>\n<p>Por ese motivo, el vocero redobl\u00f3 la convocatoria al paro de ma\u00f1ana, para pedir mayor seguridad para la gente que realiza operaciones bancarias-<\/p>\n<p>El asalto al Nuevo Banco del Chaco es investigado por la seccional primera y la fiscal\u00eda porte\u00f1a de turno.<\/p>\n","protected":false},"excerpt":{"rendered":"<p>Ocurri\u00f3 en pleno microcentro porte\u00f1o. Los asaltantes amenazaron con detonar el artefacto. La polic\u00eda pudo atrapar a uno de ellos cuando hu\u00eda con el dinero robado de las cajas. Tres delincuentes armados con pistolas y con una granada asaltaron este mediod\u00eda una sucursal del Nuevo Banco del Chaco, del microcentro porte\u00f1o, y tras realizar disparos&hellip;<\/p>\n","protected":false},"author":1,"featured_media":0,"comment_status":"open","ping_status":"open","sticky":false,"template":"","format":"standard","meta":{"footnotes":""},"categories":[22],"tags":[580,411,255,894,4061,1801],"class_list":["post-8283","post","type-post","status-publish","format-standard","hentry","category-policiales","tag-asalto","tag-banco","tag-chaco","tag-disparos","tag-granada","tag-microcentro"],"_links":{"self":[{"href":"https:\/\/www.elsindical.com.ar\/notas\/wp-json\/wp\/v2\/posts\/8283","targetHints":{"allow":["GET"]}}],"collection":[{"href":"https:\/\/www.elsindical.com.ar\/notas\/wp-json\/wp\/v2\/posts"}],"about":[{"href":"https:\/\/www.elsindical.com.ar\/notas\/wp-json\/wp\/v2\/types\/post"}],"author":[{"embeddable":true,"href":"https:\/\/www.elsindical.com.ar\/notas\/wp-json\/wp\/v2\/users\/1"}],"replies":[{"embeddable":true,"href":"https:\/\/www.elsindical.com.ar\/notas\/wp-json\/wp\/v2\/comments?post=8283"}],"version-history":[{"count":1,"href":"https:\/\/www.elsindical.com.ar\/notas\/wp-json\/wp\/v2\/posts\/8283\/revisions"}],"predecessor-version":[{"id":8285,"href":"https:\/\/www.elsindical.com.ar\/notas\/wp-json\/wp\/v2\/posts\/8283\/revisions\/8285"}],"wp:attachment":[{"href":"https:\/\/www.elsindical.com.ar\/notas\/wp-json\/wp\/v2\/media?parent=8283"}],"wp:term":[{"taxonomy":"category","embeddable":true,"href":"https:\/\/www.elsindical.com.ar\/notas\/wp-json\/wp\/v2\/categories?post=8283"},{"taxonomy":"post_tag","embeddable":true,"href":"https:\/\/www.elsindical.com.ar\/notas\/wp-json\/wp\/v2\/tags?post=8283"}],"curies":[{"name":"wp","href":"https:\/\/api.w.org\/{rel}","templated":true}]}}