{"id":82726,"date":"2018-11-20T10:43:02","date_gmt":"2018-11-20T13:43:02","guid":{"rendered":"http:\/\/www.elsindical.com.ar\/notas\/?p=82726"},"modified":"2018-11-20T10:43:02","modified_gmt":"2018-11-20T13:43:02","slug":"la-anmat-prohibio-dos-productos-para-el-cuidado-capilar","status":"publish","type":"post","link":"https:\/\/www.elsindical.com.ar\/notas\/la-anmat-prohibio-dos-productos-para-el-cuidado-capilar\/","title":{"rendered":"La ANMAT prohibi\u00f3 dos productos para el cuidado capilar"},"content":{"rendered":"<p><span class=\"text description col-xs-8 col-lg-9\"><a href=\"http:\/\/www.elsindical.com.ar\/notas\/var\/www\/html\/notas\/wp-content\/uploads\/2018\/11\/lavado-de-cabeza.jpg\"><img loading=\"lazy\" decoding=\"async\" class=\"alignnone size-medium wp-image-82727\" src=\"http:\/\/www.elsindical.com.ar\/notas\/var\/www\/html\/notas\/wp-content\/uploads\/2018\/11\/lavado-de-cabeza-300x200.jpg\" alt=\"\" width=\"300\" height=\"200\" srcset=\"https:\/\/www.elsindical.com.ar\/notas\/var\/www\/html\/notas\/wp-content\/uploads\/2018\/11\/lavado-de-cabeza-300x200.jpg 300w, https:\/\/www.elsindical.com.ar\/notas\/var\/www\/html\/notas\/wp-content\/uploads\/2018\/11\/lavado-de-cabeza-768x512.jpg 768w, https:\/\/www.elsindical.com.ar\/notas\/var\/www\/html\/notas\/wp-content\/uploads\/2018\/11\/lavado-de-cabeza-1024x683.jpg 1024w, https:\/\/www.elsindical.com.ar\/notas\/var\/www\/html\/notas\/wp-content\/uploads\/2018\/11\/lavado-de-cabeza-450x300.jpg 450w, https:\/\/www.elsindical.com.ar\/notas\/var\/www\/html\/notas\/wp-content\/uploads\/2018\/11\/lavado-de-cabeza.jpg 1170w\" sizes=\"auto, (max-width: 300px) 100vw, 300px\" \/><\/a>En ambos productos faltan el n\u00famero de lote y la fecha de vencimiento. Conoc\u00e9 cu\u00e1les son en la nota.<\/span><\/p>\n<p>La Administraci\u00f3n Nacional de Medicamentos, Alimentos y Tecnolog\u00eda M\u00e9dica (Anmat) prohibi\u00f3 la venta y el uso de dos productos cosm\u00e9ticos.<\/p>\n<p>Las prohibiciones son por falta de n\u00famero de lote y fecha de vencimiento en ambos productos.<\/p>\n<p>Seg\u00fan la disposici\u00f3n 1809\/2018 publicada en el Bolet\u00edn Oficial, la Anmat prohibi\u00f3 la comercializaci\u00f3n y el uso de los siguientes productos: \u00abWavy Hair Ba\u00f1o de Crema &#8211; Barro Vegetal &#8211; Cosm\u00e9tica Natural &#8211; Elaboraci\u00f3n Artesanal\u00bb y \u00abWavy Hair Shampoo Ortiga y Miel &#8211; Cosm\u00e9tica Natural &#8211; Elaboraci\u00f3n Artesanal\u00bb.<\/p>\n","protected":false},"excerpt":{"rendered":"<p>En ambos productos faltan el n\u00famero de lote y la fecha de vencimiento. Conoc\u00e9 cu\u00e1les son en la nota. La Administraci\u00f3n Nacional de Medicamentos, Alimentos y Tecnolog\u00eda M\u00e9dica (Anmat) prohibi\u00f3 la venta y el uso de dos productos cosm\u00e9ticos. Las prohibiciones son por falta de n\u00famero de lote y fecha de vencimiento en ambos productos.&hellip;<\/p>\n","protected":false},"author":1,"featured_media":82727,"comment_status":"open","ping_status":"open","sticky":false,"template":"","format":"standard","meta":{"footnotes":""},"categories":[23],"tags":[1394,29897,6114],"class_list":["post-82726","post","type-post","status-publish","format-standard","has-post-thumbnail","hentry","category-salud","tag-anmat","tag-cuidado-capilar","tag-productos"],"_links":{"self":[{"href":"https:\/\/www.elsindical.com.ar\/notas\/wp-json\/wp\/v2\/posts\/82726","targetHints":{"allow":["GET"]}}],"collection":[{"href":"https:\/\/www.elsindical.com.ar\/notas\/wp-json\/wp\/v2\/posts"}],"about":[{"href":"https:\/\/www.elsindical.com.ar\/notas\/wp-json\/wp\/v2\/types\/post"}],"author":[{"embeddable":true,"href":"https:\/\/www.elsindical.com.ar\/notas\/wp-json\/wp\/v2\/users\/1"}],"replies":[{"embeddable":true,"href":"https:\/\/www.elsindical.com.ar\/notas\/wp-json\/wp\/v2\/comments?post=82726"}],"version-history":[{"count":1,"href":"https:\/\/www.elsindical.com.ar\/notas\/wp-json\/wp\/v2\/posts\/82726\/revisions"}],"predecessor-version":[{"id":82728,"href":"https:\/\/www.elsindical.com.ar\/notas\/wp-json\/wp\/v2\/posts\/82726\/revisions\/82728"}],"wp:featuredmedia":[{"embeddable":true,"href":"https:\/\/www.elsindical.com.ar\/notas\/wp-json\/wp\/v2\/media\/82727"}],"wp:attachment":[{"href":"https:\/\/www.elsindical.com.ar\/notas\/wp-json\/wp\/v2\/media?parent=82726"}],"wp:term":[{"taxonomy":"category","embeddable":true,"href":"https:\/\/www.elsindical.com.ar\/notas\/wp-json\/wp\/v2\/categories?post=82726"},{"taxonomy":"post_tag","embeddable":true,"href":"https:\/\/www.elsindical.com.ar\/notas\/wp-json\/wp\/v2\/tags?post=82726"}],"curies":[{"name":"wp","href":"https:\/\/api.w.org\/{rel}","templated":true}]}}