{"id":82709,"date":"2018-11-19T11:30:05","date_gmt":"2018-11-19T14:30:05","guid":{"rendered":"http:\/\/www.elsindical.com.ar\/notas\/?p=82709"},"modified":"2018-11-19T11:30:05","modified_gmt":"2018-11-19T14:30:05","slug":"adduc-advirtio-que-la-suba-del-agua-es-una-verguenza","status":"publish","type":"post","link":"https:\/\/www.elsindical.com.ar\/notas\/adduc-advirtio-que-la-suba-del-agua-es-una-verguenza\/","title":{"rendered":"Adduc advirti\u00f3 que la suba del agua es \u201cuna verg\u00fcenza\u201d"},"content":{"rendered":"<div class=\"vw-tagline \"><a href=\"http:\/\/www.elsindical.com.ar\/notas\/var\/www\/html\/notas\/wp-content\/uploads\/2014\/10\/agua-potable.jpg\"><img loading=\"lazy\" decoding=\"async\" class=\"alignnone size-medium wp-image-45921\" src=\"http:\/\/www.elsindical.com.ar\/notas\/var\/www\/html\/notas\/wp-content\/uploads\/2014\/10\/agua-potable-300x300.jpg\" alt=\"\" width=\"300\" height=\"300\" srcset=\"https:\/\/www.elsindical.com.ar\/notas\/var\/www\/html\/notas\/wp-content\/uploads\/2014\/10\/agua-potable-300x300.jpg 300w, https:\/\/www.elsindical.com.ar\/notas\/var\/www\/html\/notas\/wp-content\/uploads\/2014\/10\/agua-potable-150x150.jpg 150w, https:\/\/www.elsindical.com.ar\/notas\/var\/www\/html\/notas\/wp-content\/uploads\/2014\/10\/agua-potable.jpg 325w\" sizes=\"auto, (max-width: 300px) 100vw, 300px\" \/><\/a>El titular de la asociaci\u00f3n que defiende los intereses de los consumidores se refiri\u00f3 as\u00ed a la suba de casi 45 por ciento acordada en audiencia p\u00fablica para el a\u00f1o pr\u00f3ximo.<\/div>\n<div><\/div>\n<div>\n<div class=\"vw-post-content clearfix\">\n<p>El presidente de la Asociaci\u00f3n de Defensa de los Derechos del Consumidor (ADDUC), Osvaldo Bassano, consider\u00f3 que el aumento de casi 45 por ciento dispuesto para el a\u00f1o que viene en el servicio del agua \u201ces una verg\u00fcenza\u201d y enfatiz\u00f3 que \u201cla gente no va a poder pagar la factura\u201d.<\/p>\n<p>\u201cEl nuevo aumento que dispusieron para el a\u00f1o pr\u00f3ximo es una verdadera verg\u00fcenza, principalmente porque es un servicio b\u00e1sico para la salud y segundo porque las facturas ser\u00e1n totalmente impagables\u201d, advirti\u00f3.<\/p>\n<p>El nuevo aumento fue dispuesto en una audiencia p\u00fablica realizada, en la que se confirm\u00f3 que la empresa Agua y Saneamientos Argentinos (AySA) aumentar\u00e1 casi 50 por ciento sus tarifas el pr\u00f3ximo a\u00f1o dividido en dos tramos.<\/p>\n<p>En la jornada se solicit\u00f3 un incremento del 17% a partir del 1 de enero, para compensar la inflaci\u00f3n de 2018, y otro del 27% a partir del 1 de mayo de 2019, en l\u00ednea con las expectativas que tiene el mercado para el a\u00f1o pr\u00f3ximo seg\u00fan el relevamiento mensual del Banco Central. As\u00ed, la suba total prevista para el pr\u00f3ximo a\u00f1o ser\u00e1 de 48,5% por tratarse de aumentos acumulativos.<\/p>\n<p>\u201cYa actualmente los aumentos que se hicieron est\u00e1n complicando a la gente, que no puede afrontar los gastos\u201d, advirti\u00f3 Bassano. Y consider\u00f3, en este sentido, que \u201csi ya para el a\u00f1o pr\u00f3ximo est\u00e1n previendo una suba de estas caracter\u00edsticas, se est\u00e1 marcando un piso para que el resto de los servicios tambi\u00e9n se incrementen as\u00ed\u201d.<\/p>\n<p>Indic\u00f3, asimismo, que la gente \u201cno puede pagar las facturas\u201d y que para colmo \u201cel servicio de agua y cloacas no llega a todas las casas\u201d.<\/p>\n<p>El Defensor del Pueblo Adjunto de la provincia de Buenos Aires,\u00a0Walter Martello, advirti\u00f3 que los aumentos aplicados por la empresa AySA al servicio del agua \u201csumar\u00e1 un acumulado de 630 por ciento\u201d. Durante la\u00a0audiencia p\u00fablica realizada en Tecn\u00f3polis, la Defensor\u00eda del Pueblo bonaerense no solamente rechaz\u00f3 el aumento propuesto por AySA, sino tambi\u00e9n dej\u00f3 constancia de las reservas del organismo de iniciar las acciones judiciales que se estime corresponder.<\/p>\n<\/div>\n<\/div>\n","protected":false},"excerpt":{"rendered":"<p>El titular de la asociaci\u00f3n que defiende los intereses de los consumidores se refiri\u00f3 as\u00ed a la suba de casi 45 por ciento acordada en audiencia p\u00fablica para el a\u00f1o pr\u00f3ximo. El presidente de la Asociaci\u00f3n de Defensa de los Derechos del Consumidor (ADDUC), Osvaldo Bassano, consider\u00f3 que el aumento de casi 45 por ciento&hellip;<\/p>\n","protected":false},"author":1,"featured_media":45921,"comment_status":"open","ping_status":"open","sticky":false,"template":"","format":"standard","meta":{"footnotes":""},"categories":[9],"tags":[25693,1923,12912,1063],"class_list":["post-82709","post","type-post","status-publish","format-standard","has-post-thumbnail","hentry","category-economia","tag-adduc","tag-agua","tag-aysa","tag-tarifa"],"_links":{"self":[{"href":"https:\/\/www.elsindical.com.ar\/notas\/wp-json\/wp\/v2\/posts\/82709","targetHints":{"allow":["GET"]}}],"collection":[{"href":"https:\/\/www.elsindical.com.ar\/notas\/wp-json\/wp\/v2\/posts"}],"about":[{"href":"https:\/\/www.elsindical.com.ar\/notas\/wp-json\/wp\/v2\/types\/post"}],"author":[{"embeddable":true,"href":"https:\/\/www.elsindical.com.ar\/notas\/wp-json\/wp\/v2\/users\/1"}],"replies":[{"embeddable":true,"href":"https:\/\/www.elsindical.com.ar\/notas\/wp-json\/wp\/v2\/comments?post=82709"}],"version-history":[{"count":1,"href":"https:\/\/www.elsindical.com.ar\/notas\/wp-json\/wp\/v2\/posts\/82709\/revisions"}],"predecessor-version":[{"id":82710,"href":"https:\/\/www.elsindical.com.ar\/notas\/wp-json\/wp\/v2\/posts\/82709\/revisions\/82710"}],"wp:featuredmedia":[{"embeddable":true,"href":"https:\/\/www.elsindical.com.ar\/notas\/wp-json\/wp\/v2\/media\/45921"}],"wp:attachment":[{"href":"https:\/\/www.elsindical.com.ar\/notas\/wp-json\/wp\/v2\/media?parent=82709"}],"wp:term":[{"taxonomy":"category","embeddable":true,"href":"https:\/\/www.elsindical.com.ar\/notas\/wp-json\/wp\/v2\/categories?post=82709"},{"taxonomy":"post_tag","embeddable":true,"href":"https:\/\/www.elsindical.com.ar\/notas\/wp-json\/wp\/v2\/tags?post=82709"}],"curies":[{"name":"wp","href":"https:\/\/api.w.org\/{rel}","templated":true}]}}