{"id":8258,"date":"2010-08-03T02:14:26","date_gmt":"2010-08-03T05:14:26","guid":{"rendered":"http:\/\/www.elsindical.com.ar\/notas\/?p=8258"},"modified":"2010-08-03T02:14:26","modified_gmt":"2010-08-03T05:14:26","slug":"intendentes-de-argentina-realizaran-viaje-a-colombia-para-intercambiar-experiencias-sobre-politicas-de-seguridad-ciudadana","status":"publish","type":"post","link":"https:\/\/www.elsindical.com.ar\/notas\/intendentes-de-argentina-realizaran-viaje-a-colombia-para-intercambiar-experiencias-sobre-politicas-de-seguridad-ciudadana\/","title":{"rendered":"Intendentes de Argentina realizaran viaje a Colombia para intercambiar experiencias sobre pol\u00edticas de seguridad ciudadana"},"content":{"rendered":"<p style=\"text-align: justify;\"><a href=\"http:\/\/www.elsindical.com.ar\/notas\/var\/www\/html\/notas\/wp-content\/uploads\/2010\/08\/seminario-pol\u00edticas-de-segu.jpg\"><img loading=\"lazy\" decoding=\"async\" class=\"alignleft size-medium wp-image-8259\" title=\"seminario-pol\u00edticas-de-segu\" src=\"http:\/\/www.elsindical.com.ar\/notas\/var\/www\/html\/notas\/wp-content\/uploads\/2010\/08\/seminario-pol\u00edticas-de-segu-211x300.jpg\" alt=\"\" width=\"211\" height=\"300\" srcset=\"https:\/\/www.elsindical.com.ar\/notas\/var\/www\/html\/notas\/wp-content\/uploads\/2010\/08\/seminario-pol\u00edticas-de-segu-211x300.jpg 211w, https:\/\/www.elsindical.com.ar\/notas\/var\/www\/html\/notas\/wp-content\/uploads\/2010\/08\/seminario-pol\u00edticas-de-segu.jpg 236w\" sizes=\"auto, (max-width: 211px) 100vw, 211px\" \/><\/a>Representantes de gobiernos locales de Argentina realizar\u00e1n una visita t\u00e9cnica a Colombia con el fin de intercambiar experiencias en relaci\u00f3n con pol\u00edticas de seguridad ciudadana. Este viaje se da en el marco del \u201cSeminario Anual Iberoamericano de Gesti\u00f3n de Pol\u00edticas de Seguridad Ciudadana\u201d que se realiza durante el 2010 y que es organizado por la Federaci\u00f3n Argentina de Municipios, la Federaci\u00f3n Latinoamericana de Ciudades Municipios y Asociaciones y la Consultora en Gesti\u00f3n Municipal IC-ARGENTINA.<\/p>\n<p style=\"text-align: justify;\">El viaje se realizar\u00e1 del 8 al 14 de agosto de 2010 y participar\u00e1n Intendentes, Secretarios de Gobierno, Secretarios y Directores de Seguridad, Concejales, Funcionarios y Legisladores provinciales y nacionales de todo el pa\u00eds.<\/p>\n<p style=\"text-align: justify;\">Durante el viaje se asistir\u00e1 a las siguientes experiencias y encuentros:<\/p>\n<p style=\"text-align: justify;\">\u201cLa Transformaci\u00f3n de Bogot\u00e1: entre redefinici\u00f3n espacial y ciudadana\u201d.<br \/>\n\u201cBogot\u00e1, como pudimos mejorar su seguridad\u201d C\u00e1mara de Comercio de Bogot\u00e1 &#8211; A trav\u00e9s de diferentes programas y proyectos en materia de seguridad y convivencia, la C\u00e1mara de Comercio de Bogot\u00e1 (CCB), contribuye a mejorar las condiciones del entorno, la seguridad y la calidad de vida de los ciudadanos de Bogot\u00e1.<\/p>\n<p style=\"text-align: justify;\">El papel de la Federaci\u00f3n Colombiana de Municipios junto a los alcaldes en el tema de seguridad.<\/p>\n<p style=\"text-align: justify;\">La experiencia de Medell\u00edn. Mirada sobre sus programas de seguridad y convivencia ciudadana.<\/p>\n<p style=\"text-align: justify;\">Visita a la Ciudad de Soacha. Programa integral de seguridad ciudadana.<\/p>\n<p style=\"text-align: justify;\">Ser\u00e1n 6 jornadas plenas de actividad y de intercambio, con pares colombianos que tienen necesidades similares y que han puesto en marcha diferentes tipos de pol\u00edticas para abordar una problem\u00e1tica tan compleja como la Seguridad de los Ciudadanos.<\/p>\n<p style=\"text-align: justify;\">El \u201cSeminario Anual Iberoamericano de Gesti\u00f3n de Pol\u00edticas de Seguridad Ciudadana\u201d tiene como meta la formaci\u00f3n del funcionario para que le permita desarrollar pol\u00edticas puntuales en temas de seguridad publica, adem\u00e1s de conocer los diferentes componentes, experiencias y escenarios que hacen a la problem\u00e1tica de la ciudadan\u00eda en torno a la seguridad p\u00fablica.<\/p>\n<p style=\"text-align: justify;\">EN CASO DE NECESITAR MAS INFORMACI\u00d3N, POR FAVOR COMUNICARSE AL 15-44476633 O EN <a href=\"http:\/\/www.seminarioseguridad.com\">http:\/\/www.seminarioseguridad.com<\/a><\/p>\n","protected":false},"excerpt":{"rendered":"<p>Representantes de gobiernos locales de Argentina realizar\u00e1n una visita t\u00e9cnica a Colombia con el fin de intercambiar experiencias en relaci\u00f3n con pol\u00edticas de seguridad ciudadana. Este viaje se da en el marco del \u201cSeminario Anual Iberoamericano de Gesti\u00f3n de Pol\u00edticas de Seguridad Ciudadana\u201d que se realiza durante el 2010 y que es organizado por la&hellip;<\/p>\n","protected":false},"author":1,"featured_media":0,"comment_status":"open","ping_status":"open","sticky":false,"template":"","format":"standard","meta":{"footnotes":""},"categories":[13],"tags":[127,2742,4051,4050,4049,4048],"class_list":["post-8258","post","type-post","status-publish","format-standard","hentry","category-politica","tag-argentina","tag-colombia","tag-federacion-de-municipios","tag-intendentes","tag-politicas-de-seguridad","tag-seminario"],"_links":{"self":[{"href":"https:\/\/www.elsindical.com.ar\/notas\/wp-json\/wp\/v2\/posts\/8258","targetHints":{"allow":["GET"]}}],"collection":[{"href":"https:\/\/www.elsindical.com.ar\/notas\/wp-json\/wp\/v2\/posts"}],"about":[{"href":"https:\/\/www.elsindical.com.ar\/notas\/wp-json\/wp\/v2\/types\/post"}],"author":[{"embeddable":true,"href":"https:\/\/www.elsindical.com.ar\/notas\/wp-json\/wp\/v2\/users\/1"}],"replies":[{"embeddable":true,"href":"https:\/\/www.elsindical.com.ar\/notas\/wp-json\/wp\/v2\/comments?post=8258"}],"version-history":[{"count":1,"href":"https:\/\/www.elsindical.com.ar\/notas\/wp-json\/wp\/v2\/posts\/8258\/revisions"}],"predecessor-version":[{"id":8260,"href":"https:\/\/www.elsindical.com.ar\/notas\/wp-json\/wp\/v2\/posts\/8258\/revisions\/8260"}],"wp:attachment":[{"href":"https:\/\/www.elsindical.com.ar\/notas\/wp-json\/wp\/v2\/media?parent=8258"}],"wp:term":[{"taxonomy":"category","embeddable":true,"href":"https:\/\/www.elsindical.com.ar\/notas\/wp-json\/wp\/v2\/categories?post=8258"},{"taxonomy":"post_tag","embeddable":true,"href":"https:\/\/www.elsindical.com.ar\/notas\/wp-json\/wp\/v2\/tags?post=8258"}],"curies":[{"name":"wp","href":"https:\/\/api.w.org\/{rel}","templated":true}]}}