{"id":82579,"date":"2018-11-13T14:37:32","date_gmt":"2018-11-13T17:37:32","guid":{"rendered":"http:\/\/www.elsindical.com.ar\/notas\/?p=82579"},"modified":"2018-11-13T14:37:32","modified_gmt":"2018-11-13T17:37:32","slug":"siam-incumple-conciliacion-obligatoria-y-no-dejo-ingresar-a-los-20-trabajadores","status":"publish","type":"post","link":"https:\/\/www.elsindical.com.ar\/notas\/siam-incumple-conciliacion-obligatoria-y-no-dejo-ingresar-a-los-20-trabajadores\/","title":{"rendered":"SIAM incumple conciliaci\u00f3n obligatoria y no dej\u00f3 ingresar a los 20 trabajadores"},"content":{"rendered":"<div class=\"gmail_default\">\n<div class=\"gmail_default\"><span style=\"color: #444444; font-family: arial, helvetica, sans-serif; font-size: large;\"><a href=\"http:\/\/www.elsindical.com.ar\/notas\/var\/www\/html\/notas\/wp-content\/uploads\/2018\/11\/WhatsApp-Image-2018-11-12-at-6.06.38-PM-1.jpeg\"><img loading=\"lazy\" decoding=\"async\" class=\"alignnone size-medium wp-image-82580\" src=\"http:\/\/www.elsindical.com.ar\/notas\/var\/www\/html\/notas\/wp-content\/uploads\/2018\/11\/WhatsApp-Image-2018-11-12-at-6.06.38-PM-1-225x300.jpeg\" alt=\"\" width=\"225\" height=\"300\" srcset=\"https:\/\/www.elsindical.com.ar\/notas\/var\/www\/html\/notas\/wp-content\/uploads\/2018\/11\/WhatsApp-Image-2018-11-12-at-6.06.38-PM-1-225x300.jpeg 225w, https:\/\/www.elsindical.com.ar\/notas\/var\/www\/html\/notas\/wp-content\/uploads\/2018\/11\/WhatsApp-Image-2018-11-12-at-6.06.38-PM-1-768x1024.jpeg 768w, https:\/\/www.elsindical.com.ar\/notas\/var\/www\/html\/notas\/wp-content\/uploads\/2018\/11\/WhatsApp-Image-2018-11-12-at-6.06.38-PM-1.jpeg 774w\" sizes=\"auto, (max-width: 225px) 100vw, 225px\" \/><\/a>\u00a1Difundimos!<\/span><\/div>\n<div class=\"gmail_default\"><span style=\"color: #444444; font-family: arial, helvetica, sans-serif; font-size: large;\">\u00a0<\/span><\/div>\n<div class=\"gmail_default\"><span style=\"color: #444444; font-family: arial, helvetica, sans-serif; font-size: large;\">\u00a0<\/span><\/div>\n<div class=\"gmail_default\"><span style=\"color: #444444; font-family: arial, helvetica, sans-serif; font-size: large;\">(13\/11\/2018) En el d\u00eda de hoy la empresa Pilisar S.A-Newsan incumple la Conciliaci\u00f3n obligatoria dictada por el ministerio de trabajo y no dej\u00f3 ingresar a l@s 20 trabajadores que hab\u00edamos sido despedidos el 9\/11.<\/span><\/div>\n<div><\/div>\n<div class=\"gmail_default\"><span style=\"color: #444444; font-family: arial, helvetica, sans-serif; font-size: large;\">Sigue actuando en la ilegalidad y jugando con el hambre de nuestras familias. L@s trabajadores de Siam nos mantenemos firmes en nuestro reclamo, queremos volver a trabajar y vamos a continuar con las medidas que sean necesarias para lograrlo.<\/span><\/div>\n<div><\/div>\n<div class=\"gmail_default\"><span style=\"color: #444444; font-family: arial, helvetica, sans-serif; font-size: large;\">Convocamos a la puerta de la f\u00e1brica ubicada en Coronel Molinedo 1600 a toda la comunidad, trabajadores, organizaciones sociales y pol\u00edticas a apoyarnos en la permanencia que vamos a realizar el d\u00eda de hoy a la espera de una respuesta.<\/span><\/div>\n<div><\/div>\n<div class=\"gmail_default\"><span style=\"color: #444444; font-family: arial, helvetica, sans-serif; font-size: large;\">En Siam los despidos No Pasar\u00e1n!<\/span><\/div>\n<div class=\"gmail_default\"><span style=\"color: #444444; font-family: arial, helvetica, sans-serif; font-size: large;\">Trabajadores de Siam Unidos\u00a0<\/span><\/div>\n<div class=\"gmail_default\"><span style=\"color: #444444; font-family: arial, helvetica, sans-serif; font-size: large;\">\u00a0<\/span><\/div>\n<div class=\"gmail_default\"><span style=\"color: #444444; font-family: arial, helvetica, sans-serif; font-size: large;\">Alejandra 15 3282 6950<\/span><\/div>\n<div class=\"gmail_default\"><span style=\"color: #444444; font-family: arial, helvetica, sans-serif; font-size: large;\">Luciano 15 5497 1104<\/span><\/div>\n<div class=\"gmail_default\"><span style=\"color: #444444; font-family: arial, helvetica, sans-serif; font-size: large;\">Elais 15 5816 1898<\/span><\/div>\n<div class=\"gmail_default\"><span style=\"color: #444444; font-family: arial, helvetica, sans-serif; font-size: large;\">Gustavo 15 2294 5831<\/span><\/div>\n<\/div>\n","protected":false},"excerpt":{"rendered":"<p>\u00a1Difundimos! \u00a0 \u00a0 (13\/11\/2018) En el d\u00eda de hoy la empresa Pilisar S.A-Newsan incumple la Conciliaci\u00f3n obligatoria dictada por el ministerio de trabajo y no dej\u00f3 ingresar a l@s 20 trabajadores que hab\u00edamos sido despedidos el 9\/11. Sigue actuando en la ilegalidad y jugando con el hambre de nuestras familias. L@s trabajadores de Siam nos&hellip;<\/p>\n","protected":false},"author":1,"featured_media":82580,"comment_status":"open","ping_status":"open","sticky":false,"template":"","format":"standard","meta":{"footnotes":""},"categories":[16],"tags":[3539,53,29866,17260,125],"class_list":["post-82579","post","type-post","status-publish","format-standard","has-post-thumbnail","hentry","category-gremiales","tag-conciliacion-obligatoria","tag-despidos","tag-pilisar-s-a-newsan","tag-siam","tag-trabajadores"],"_links":{"self":[{"href":"https:\/\/www.elsindical.com.ar\/notas\/wp-json\/wp\/v2\/posts\/82579","targetHints":{"allow":["GET"]}}],"collection":[{"href":"https:\/\/www.elsindical.com.ar\/notas\/wp-json\/wp\/v2\/posts"}],"about":[{"href":"https:\/\/www.elsindical.com.ar\/notas\/wp-json\/wp\/v2\/types\/post"}],"author":[{"embeddable":true,"href":"https:\/\/www.elsindical.com.ar\/notas\/wp-json\/wp\/v2\/users\/1"}],"replies":[{"embeddable":true,"href":"https:\/\/www.elsindical.com.ar\/notas\/wp-json\/wp\/v2\/comments?post=82579"}],"version-history":[{"count":1,"href":"https:\/\/www.elsindical.com.ar\/notas\/wp-json\/wp\/v2\/posts\/82579\/revisions"}],"predecessor-version":[{"id":82581,"href":"https:\/\/www.elsindical.com.ar\/notas\/wp-json\/wp\/v2\/posts\/82579\/revisions\/82581"}],"wp:featuredmedia":[{"embeddable":true,"href":"https:\/\/www.elsindical.com.ar\/notas\/wp-json\/wp\/v2\/media\/82580"}],"wp:attachment":[{"href":"https:\/\/www.elsindical.com.ar\/notas\/wp-json\/wp\/v2\/media?parent=82579"}],"wp:term":[{"taxonomy":"category","embeddable":true,"href":"https:\/\/www.elsindical.com.ar\/notas\/wp-json\/wp\/v2\/categories?post=82579"},{"taxonomy":"post_tag","embeddable":true,"href":"https:\/\/www.elsindical.com.ar\/notas\/wp-json\/wp\/v2\/tags?post=82579"}],"curies":[{"name":"wp","href":"https:\/\/api.w.org\/{rel}","templated":true}]}}