{"id":82576,"date":"2018-11-13T10:00:45","date_gmt":"2018-11-13T13:00:45","guid":{"rendered":"http:\/\/www.elsindical.com.ar\/notas\/?p=82576"},"modified":"2018-11-13T10:00:45","modified_gmt":"2018-11-13T13:00:45","slug":"daniel-ferro-salio-a-cruzar-al-concejal-pablo-vera-por-sus-dichos-sobre-hernan-doval","status":"publish","type":"post","link":"https:\/\/www.elsindical.com.ar\/notas\/daniel-ferro-salio-a-cruzar-al-concejal-pablo-vera-por-sus-dichos-sobre-hernan-doval\/","title":{"rendered":"Daniel Ferro sali\u00f3 a cruzar al concejal Pablo Vera por sus dichos sobre Hern\u00e1n Doval"},"content":{"rendered":"<p><a href=\"http:\/\/www.elsindical.com.ar\/notas\/var\/www\/html\/notas\/wp-content\/uploads\/2018\/11\/Daniel-Ferro-chalequito.jpeg\"><img loading=\"lazy\" decoding=\"async\" class=\"alignnone size-medium wp-image-82577\" src=\"http:\/\/www.elsindical.com.ar\/notas\/var\/www\/html\/notas\/wp-content\/uploads\/2018\/11\/Daniel-Ferro-chalequito-300x300.jpeg\" alt=\"\" width=\"300\" height=\"300\" srcset=\"https:\/\/www.elsindical.com.ar\/notas\/var\/www\/html\/notas\/wp-content\/uploads\/2018\/11\/Daniel-Ferro-chalequito-300x300.jpeg 300w, https:\/\/www.elsindical.com.ar\/notas\/var\/www\/html\/notas\/wp-content\/uploads\/2018\/11\/Daniel-Ferro-chalequito-150x150.jpeg 150w, https:\/\/www.elsindical.com.ar\/notas\/var\/www\/html\/notas\/wp-content\/uploads\/2018\/11\/Daniel-Ferro-chalequito-50x50.jpeg 50w, https:\/\/www.elsindical.com.ar\/notas\/var\/www\/html\/notas\/wp-content\/uploads\/2018\/11\/Daniel-Ferro-chalequito.jpeg 450w\" sizes=\"auto, (max-width: 300px) 100vw, 300px\" \/><\/a>\u00a0 \u00a0Y como era de esperar, los dichos del concejal Pablo Vera, con quien se puede estar de acuerdo o no, incluso ser opositor al partido y dirigentes que representa, pero si uno es inteligente y coherente, las declaraciones a los medios diciendo que si Hern\u00e1n Doval tiene algo que denunciar puede ir a la justicia o al Ministerio de Trabajo son irrefutables.<\/p>\n<p>Tal vez por la contundencia de esas declaraciones, tuvieron que recurrir a las declaraciones de Daniel Ferro, el perro viejo del Cholo que es quien en la realidad conduce el STMA y tiene que sostener como pueda a Hern\u00e1n Doval incapaz de poder llevar adelante el sindicato, de hecho el propio Ferro que hoy simula defender a Doval se ha burlado durante a\u00f1os de este asegurando \u00aba Hern\u00e1n lo tenemos de adjunto, pero no le da para conducir el sindicato\u00bb y eso Doval lo sabe aunque se haga el que ha superado ese ninguneo.<\/p>\n<p>La entrevista con el medio que tiene pauta con el sindicato fue convenientemente redactada, para generar en los lectores una idea direccionada, pero se olvidaron que contra la estupidez no hay mano period\u00edstica que te ayude y en eso Ferro es un campe\u00f3n.<\/p>\n<p>Dice el relato que Ferro se indign\u00f3 por las declaraciones y habr\u00eda dicho:<\/p>\n<p class=\"selectionShareable\">\u201c\u00bfVera es abogado? Porque si lo es, para m\u00ed todav\u00eda debe la materia \u2018collage\u2019 de jard\u00edn de infantes, porque las declaraciones que hizo realmente no tienen nada que ver con su profesi\u00f3n\u201d, critic\u00f3.<\/p>\n<p class=\"selectionShareable\">Indignado, afirm\u00f3 que \u201cno hay que ir a la Justicia para que \u00e9sta le diga al Intendente que debe cumplir\u201d, y remarc\u00f3 que <b>\u201cla ley 14.656 es de cumplimiento obligatorio y de orden p\u00fablico\u201d.<\/b><\/p>\n<p class=\"selectionShareable\">Y critic\u00f3: \u201c<b>Hablan estupideces porque es barato y porque el Intendente los usa.\u201d<\/b><\/p>\n<p>Pobre Daniel Ferro, su costumbre de ser el p\u00e1jaro sobre el que ara, lo volvi\u00f3 soberbio e ignorante, decir que una Ley por su sola condici\u00f3n no necesita ser reclamado su cumplimiento en la justicia, demuestra que mejor es el silencio cuando no se sabe, Vera puede tener muchos puntos para criticar como lo he hecho, pero no puede tratar de ignorante a alguien con un argumento est\u00fapido, este impresentable que al no saber c\u00f3mo presentarlo porque cobra al menos 4 sueldos gremiales, deber\u00eda darle verg\u00fcenza vivir de los aportes de los afiliados y alguna vez probar de trabajar de verdad.<\/p>\n<p>El cara de piedra de Ferro, se queja de tener un sueldo municipal que seg\u00fan \u00e9l declara es de $7840, lo que lo pone por sus propios dichos en un candidato a una investigaci\u00f3n tributaria porque dif\u00edcilmente pueda justificar su patrimonio, e insisto, hay que ser muy turro para compararte con el resto de los trabajadores y decir que ahora est\u00e1s con licencia gremial, llevas muchos a\u00f1os, prendido de la teta del sindicato, apa\u00f1ado por los Garc\u00eda.<\/p>\n<p>Y como suele hacer el ignorante irrecuperable, Ferro continu\u00f3 hablando de legalidad, con argumentos que parecen sacados de Casados con Hijos.<\/p>\n<p>Poner en palabras de Ferro la representaci\u00f3n del STMA, FESIMUBO y CDM es inmolarse, recuerden muchachos que del rid\u00edculo no se vuelve.<\/p>\n<p>&nbsp;<\/p>\n<p>Por Marcelo Ricardo Hawrylciw<\/p>\n","protected":false},"excerpt":{"rendered":"<p>\u00a0 \u00a0Y como era de esperar, los dichos del concejal Pablo Vera, con quien se puede estar de acuerdo o no, incluso ser opositor al partido y dirigentes que representa, pero si uno es inteligente y coherente, las declaraciones a los medios diciendo que si Hern\u00e1n Doval tiene algo que denunciar puede ir a la&hellip;<\/p>\n","protected":false},"author":1,"featured_media":82577,"comment_status":"open","ping_status":"open","sticky":false,"template":"","format":"standard","meta":{"footnotes":""},"categories":[13],"tags":[29865,23133,23792,2111,17286,1062,13467,3141],"class_list":["post-82576","post","type-post","status-publish","format-standard","has-post-thumbnail","hentry","category-politica","tag-cdm","tag-cholo-garcia","tag-daniel-ferro","tag-fesimubo","tag-hernan-doval","tag-jorge-ferraresi","tag-pablo-vera","tag-stma"],"_links":{"self":[{"href":"https:\/\/www.elsindical.com.ar\/notas\/wp-json\/wp\/v2\/posts\/82576","targetHints":{"allow":["GET"]}}],"collection":[{"href":"https:\/\/www.elsindical.com.ar\/notas\/wp-json\/wp\/v2\/posts"}],"about":[{"href":"https:\/\/www.elsindical.com.ar\/notas\/wp-json\/wp\/v2\/types\/post"}],"author":[{"embeddable":true,"href":"https:\/\/www.elsindical.com.ar\/notas\/wp-json\/wp\/v2\/users\/1"}],"replies":[{"embeddable":true,"href":"https:\/\/www.elsindical.com.ar\/notas\/wp-json\/wp\/v2\/comments?post=82576"}],"version-history":[{"count":1,"href":"https:\/\/www.elsindical.com.ar\/notas\/wp-json\/wp\/v2\/posts\/82576\/revisions"}],"predecessor-version":[{"id":82578,"href":"https:\/\/www.elsindical.com.ar\/notas\/wp-json\/wp\/v2\/posts\/82576\/revisions\/82578"}],"wp:featuredmedia":[{"embeddable":true,"href":"https:\/\/www.elsindical.com.ar\/notas\/wp-json\/wp\/v2\/media\/82577"}],"wp:attachment":[{"href":"https:\/\/www.elsindical.com.ar\/notas\/wp-json\/wp\/v2\/media?parent=82576"}],"wp:term":[{"taxonomy":"category","embeddable":true,"href":"https:\/\/www.elsindical.com.ar\/notas\/wp-json\/wp\/v2\/categories?post=82576"},{"taxonomy":"post_tag","embeddable":true,"href":"https:\/\/www.elsindical.com.ar\/notas\/wp-json\/wp\/v2\/tags?post=82576"}],"curies":[{"name":"wp","href":"https:\/\/api.w.org\/{rel}","templated":true}]}}