{"id":8252,"date":"2010-08-03T01:52:09","date_gmt":"2010-08-03T04:52:09","guid":{"rendered":"http:\/\/www.elsindical.com.ar\/notas\/?p=8252"},"modified":"2010-08-03T01:52:09","modified_gmt":"2010-08-03T04:52:09","slug":"la-plataruben-herrera-se-reunio-con-choferes-de-la-asociacion-de-taxis","status":"publish","type":"post","link":"https:\/\/www.elsindical.com.ar\/notas\/la-plataruben-herrera-se-reunio-con-choferes-de-la-asociacion-de-taxis\/","title":{"rendered":"La Plata:Rub\u00e9n Herrera se reuni\u00f3 con choferes de la Asociaci\u00f3n de Taxis"},"content":{"rendered":"<div style=\"text-align: justify;\"><span style=\"font-family: Times New Roman; font-size: small;\"><a href=\"http:\/\/www.elsindical.com.ar\/notas\/var\/www\/html\/notas\/wp-content\/uploads\/2010\/08\/Herrera-y-taxistas.jpg\"><img loading=\"lazy\" decoding=\"async\" class=\"alignleft size-medium wp-image-8253\" title=\"Herrera-y-taxistas\" src=\"http:\/\/www.elsindical.com.ar\/notas\/var\/www\/html\/notas\/wp-content\/uploads\/2010\/08\/Herrera-y-taxistas-300x215.jpg\" alt=\"\" width=\"300\" height=\"215\" srcset=\"https:\/\/www.elsindical.com.ar\/notas\/var\/www\/html\/notas\/wp-content\/uploads\/2010\/08\/Herrera-y-taxistas-300x215.jpg 300w, https:\/\/www.elsindical.com.ar\/notas\/var\/www\/html\/notas\/wp-content\/uploads\/2010\/08\/Herrera-y-taxistas.jpg 413w\" sizes=\"auto, (max-width: 300px) 100vw, 300px\" \/><\/a>El titular de Concertaci\u00f3n Platense-CONPLA- y director general del municipio, Rub\u00e9n Herrera y el conductor de la Asociaci\u00f3n de taxis, choferes y peones -ATCHyP- Marcelo Ar\u00e9valo, se reunieron para tratar distintos temas, entre ellos, seguridad y trabajo en blanco para los conductores de taxi de la ciudad de La Plata.<\/span><\/div>\n<div style=\"text-align: justify;\">\u00a0<\/div>\n<div style=\"text-align: justify;\"><span style=\"font-family: Times New Roman; font-size: small;\">De la reuni\u00f3n tambi\u00e9n participaron integrantes de CONPLA y m\u00e1s de 60 miembros de la ATCHyP donde propusieron trabajar en forma conjunta y gestionar ante las autoridades correspondientes los puntos que tanto preocupan a los trabajadores de taxi, como as\u00ed tambi\u00e9n capacitar a los peones para que puedan brindar un buen servicio a los pasajeros.<\/span><\/div>\n<div style=\"text-align: justify;\">\u00a0<\/div>\n<div style=\"text-align: justify;\"><span style=\"font-family: Times New Roman; font-size: small;\">En ese sentido Herrera se\u00f1al\u00f3, \u201cVamos a organizar un programa de capacitaci\u00f3n dirigido a choferes taxistas para que puedan proveer un mejor servicio a la comunidad, por ejemplo, primeros auxilios\u201d <\/span><\/div>\n<div style=\"text-align: justify;\">\u00a0<\/div>\n<div style=\"text-align: justify;\"><span style=\"font-family: Times New Roman; font-size: small;\">\u201cEs bueno poder escuchar las inquietudes y proyectos que tienen los trabajadores de taxi y as\u00ed juntos desarrollar un emprendimiento, tanto en seguridad como en capacitaci\u00f3n para un buen servicio a la comunidad\u201d,\u00a0 remarc\u00f3 el referente platense.<\/span><\/div>\n<div style=\"text-align: justify;\">\u00a0<\/div>\n<div style=\"text-align: justify;\"><span style=\"font-family: Times New Roman; font-size: small;\">\u201cEs importante habernos reunidos con el sindicato, nos dio la posibilidad de escuchar sus inquietudes y proyectos, como son el tema de seguridad, y el trabajo en negro, ya que no est\u00e1n reconocidos laboralmente, sin aportes provisionales que tanto padecen\u201d, concluy\u00f3 el funcionario.\u00a0<\/span>\u00a0<\/div>\n<p style=\"text-align: justify;\"><span style=\"font-family: Times New Roman; font-size: small;\">Cabe destacar que dentro de los proyectos qued\u00f3 el compromiso de festejar en forma conjunta el d\u00eda del ni\u00f1o a los hijos de los trabajadores de taxistas, donde se pudo saber que habr\u00e1 sorteos y muchos regalos\u00a0 para todos los chicos.<\/span><\/p>\n","protected":false},"excerpt":{"rendered":"<p>El titular de Concertaci\u00f3n Platense-CONPLA- y director general del municipio, Rub\u00e9n Herrera y el conductor de la Asociaci\u00f3n de taxis, choferes y peones -ATCHyP- Marcelo Ar\u00e9valo, se reunieron para tratar distintos temas, entre ellos, seguridad y trabajo en blanco para los conductores de taxi de la ciudad de La Plata. \u00a0 De la reuni\u00f3n tambi\u00e9n&hellip;<\/p>\n","protected":false},"author":1,"featured_media":0,"comment_status":"open","ping_status":"open","sticky":false,"template":"","format":"standard","meta":{"footnotes":""},"categories":[13],"tags":[4045,4044,239,4043,4042,1221],"class_list":["post-8252","post","type-post","status-publish","format-standard","hentry","category-politica","tag-atchyp","tag-conpla","tag-la-plata","tag-reunion","tag-ruben-herrera","tag-taxistas"],"_links":{"self":[{"href":"https:\/\/www.elsindical.com.ar\/notas\/wp-json\/wp\/v2\/posts\/8252","targetHints":{"allow":["GET"]}}],"collection":[{"href":"https:\/\/www.elsindical.com.ar\/notas\/wp-json\/wp\/v2\/posts"}],"about":[{"href":"https:\/\/www.elsindical.com.ar\/notas\/wp-json\/wp\/v2\/types\/post"}],"author":[{"embeddable":true,"href":"https:\/\/www.elsindical.com.ar\/notas\/wp-json\/wp\/v2\/users\/1"}],"replies":[{"embeddable":true,"href":"https:\/\/www.elsindical.com.ar\/notas\/wp-json\/wp\/v2\/comments?post=8252"}],"version-history":[{"count":1,"href":"https:\/\/www.elsindical.com.ar\/notas\/wp-json\/wp\/v2\/posts\/8252\/revisions"}],"predecessor-version":[{"id":8254,"href":"https:\/\/www.elsindical.com.ar\/notas\/wp-json\/wp\/v2\/posts\/8252\/revisions\/8254"}],"wp:attachment":[{"href":"https:\/\/www.elsindical.com.ar\/notas\/wp-json\/wp\/v2\/media?parent=8252"}],"wp:term":[{"taxonomy":"category","embeddable":true,"href":"https:\/\/www.elsindical.com.ar\/notas\/wp-json\/wp\/v2\/categories?post=8252"},{"taxonomy":"post_tag","embeddable":true,"href":"https:\/\/www.elsindical.com.ar\/notas\/wp-json\/wp\/v2\/tags?post=8252"}],"curies":[{"name":"wp","href":"https:\/\/api.w.org\/{rel}","templated":true}]}}