{"id":82322,"date":"2018-11-03T12:06:20","date_gmt":"2018-11-03T15:06:20","guid":{"rendered":"http:\/\/www.elsindical.com.ar\/notas\/?p=82322"},"modified":"2018-11-03T12:06:20","modified_gmt":"2018-11-03T15:06:20","slug":"lanus-hallaron-cadaver-del-ladron-que-se-arrojo-al-riachuelo","status":"publish","type":"post","link":"https:\/\/www.elsindical.com.ar\/notas\/lanus-hallaron-cadaver-del-ladron-que-se-arrojo-al-riachuelo\/","title":{"rendered":"Lan\u00fas: Hallaron cad\u00e1ver del ladr\u00f3n que se arroj\u00f3 al Riachuelo"},"content":{"rendered":"<p><a href=\"http:\/\/www.elsindical.com.ar\/notas\/var\/www\/html\/notas\/wp-content\/uploads\/2018\/11\/delincuente-ahogado-en-Riachuelo.jpg\"><img loading=\"lazy\" decoding=\"async\" class=\"alignnone size-medium wp-image-82324\" src=\"http:\/\/www.elsindical.com.ar\/notas\/var\/www\/html\/notas\/wp-content\/uploads\/2018\/11\/delincuente-ahogado-en-Riachuelo-300x169.jpg\" alt=\"\" width=\"300\" height=\"169\" srcset=\"https:\/\/www.elsindical.com.ar\/notas\/var\/www\/html\/notas\/wp-content\/uploads\/2018\/11\/delincuente-ahogado-en-Riachuelo-300x169.jpg 300w, https:\/\/www.elsindical.com.ar\/notas\/var\/www\/html\/notas\/wp-content\/uploads\/2018\/11\/delincuente-ahogado-en-Riachuelo-768x432.jpg 768w, https:\/\/www.elsindical.com.ar\/notas\/var\/www\/html\/notas\/wp-content\/uploads\/2018\/11\/delincuente-ahogado-en-Riachuelo-500x281.jpg 500w, https:\/\/www.elsindical.com.ar\/notas\/var\/www\/html\/notas\/wp-content\/uploads\/2018\/11\/delincuente-ahogado-en-Riachuelo-460x260.jpg 460w, https:\/\/www.elsindical.com.ar\/notas\/var\/www\/html\/notas\/wp-content\/uploads\/2018\/11\/delincuente-ahogado-en-Riachuelo.jpg 970w\" sizes=\"auto, (max-width: 300px) 100vw, 300px\" \/><\/a>El cuerpo sin vida del individuo fue rescatado por los servidores p\u00fablicos, mientras que se busca el paradero de otro sujeto. Ambos delincuentes hab\u00edan robado un autom\u00f3vil en Villa Diamante, en la localidad bonaerense de Lan\u00fas.<\/p>\n<p>El cad\u00e1ver del delincuente que el viernes se arroj\u00f3 a las aguas del Riachuelo, para escapar de los pesquisas policiales, quienes lo persegu\u00edan tras robar una camioneta, fue rescatado por integrantes de la Prefectura Naval Argentina, de Defensa Civil y del cuartel de bomberos de Lan\u00fas, en un cinematogr\u00e1fico suceso que se registr\u00f3 en la localidad bonaerense de Villa Diamante. Un c\u00f3mplice del forajido logr\u00f3 darse a la fuga.<\/p>\n<p>Los voceros del departamento judicial de Lomas de Zamora revelaron que el marginal fue identificado como\u00a0<strong>V\u00edctor Segovia<\/strong>, de 22 a\u00f1os, que viv\u00eda en dicha zona, en el sur del conurbano provincial.<\/p>\n<p>De acuerdo a lo manifestado por los informantes, los hechos comenzaron en el cruce de Manuela Pedraza y Carlos Pellegrini, en el citado distrito, en el sur del conurbano provincial, cuando el individuo, en compa\u00f1\u00eda de un c\u00f3mplice, se apoderaron de una camioneta Renault Sandero, patente AB238ZR, luego de interceptar a su conductor, llamado\u00a0<strong>Mat\u00edas<\/strong>, de 35 a\u00f1os, a quien amedrentaron al efectuar un disparo al aire.<\/p>\n<p>Trascendi\u00f3 que los malvivientes emprendieron la veloz huida en el rodado y entonces comenzaron a ser perseguidos por 2 motociclistas de la Polic\u00eda Local de Lan\u00fas.<\/p>\n<p>Al arribar a la esquina de Madero y Talcahuano, los sujetos perdieron el control del coche y chocaron contra el frente de una vivienda.<\/p>\n<p>Como consecuencia de este motivo, los hampones bajaron de la unidad y, tras una carrera por las calles del humilde vecindario, Segovia resolvi\u00f3 lanzarse al Riachuelo\u00a0\u00a0en el cruce de Carlos Pellegrini y Coronel Warnes, con la intenci\u00f3n de eludir a las autoridades.<\/p>\n<p>Pesquisas policiales de la comisar\u00eda de Villa Diamante (5\u00aa de Lan\u00fas) se encargan de investigar lo ocurrido, a la vez que realizan diferentes procedimientos para de esta manera establecer el paradero del pr\u00f3fugo.<\/p>\n<p>Intervino en el expediente, que preventivamente fue caratulado \u201cAveriguaci\u00f3n de causales de muerte\u201d, el doctor\u00a0<strong>Sergio Schafer<\/strong>, fiscal en turno de la Unidad Funcional N\u00b0 2 de Lan\u00fas, dependiente del departamento judicial de Lomas de Zamora.<\/p>\n<p><a href=\"http:\/\/www.elsindical.com.ar\/notas\/var\/www\/html\/notas\/wp-content\/uploads\/2018\/11\/delincuente-ahogado-en-el-Riachuelo.jpg\"><img loading=\"lazy\" decoding=\"async\" class=\"alignnone size-medium wp-image-82323\" src=\"http:\/\/www.elsindical.com.ar\/notas\/var\/www\/html\/notas\/wp-content\/uploads\/2018\/11\/delincuente-ahogado-en-el-Riachuelo-225x300.jpg\" alt=\"\" width=\"225\" height=\"300\" srcset=\"https:\/\/www.elsindical.com.ar\/notas\/var\/www\/html\/notas\/wp-content\/uploads\/2018\/11\/delincuente-ahogado-en-el-Riachuelo-225x300.jpg 225w, https:\/\/www.elsindical.com.ar\/notas\/var\/www\/html\/notas\/wp-content\/uploads\/2018\/11\/delincuente-ahogado-en-el-Riachuelo.jpg 745w\" sizes=\"auto, (max-width: 225px) 100vw, 225px\" \/><\/a><\/p>\n<p>&nbsp;<\/p>\n","protected":false},"excerpt":{"rendered":"<p>El cuerpo sin vida del individuo fue rescatado por los servidores p\u00fablicos, mientras que se busca el paradero de otro sujeto. Ambos delincuentes hab\u00edan robado un autom\u00f3vil en Villa Diamante, en la localidad bonaerense de Lan\u00fas. El cad\u00e1ver del delincuente que el viernes se arroj\u00f3 a las aguas del Riachuelo, para escapar de los pesquisas&hellip;<\/p>\n","protected":false},"author":1,"featured_media":82324,"comment_status":"open","ping_status":"open","sticky":false,"template":"","format":"standard","meta":{"footnotes":""},"categories":[22],"tags":[9448,196,209,29799,116],"class_list":["post-82322","post","type-post","status-publish","format-standard","has-post-thumbnail","hentry","category-policiales","tag-ahogado","tag-delincuente","tag-lanus","tag-riachiuelo","tag-robo"],"_links":{"self":[{"href":"https:\/\/www.elsindical.com.ar\/notas\/wp-json\/wp\/v2\/posts\/82322","targetHints":{"allow":["GET"]}}],"collection":[{"href":"https:\/\/www.elsindical.com.ar\/notas\/wp-json\/wp\/v2\/posts"}],"about":[{"href":"https:\/\/www.elsindical.com.ar\/notas\/wp-json\/wp\/v2\/types\/post"}],"author":[{"embeddable":true,"href":"https:\/\/www.elsindical.com.ar\/notas\/wp-json\/wp\/v2\/users\/1"}],"replies":[{"embeddable":true,"href":"https:\/\/www.elsindical.com.ar\/notas\/wp-json\/wp\/v2\/comments?post=82322"}],"version-history":[{"count":1,"href":"https:\/\/www.elsindical.com.ar\/notas\/wp-json\/wp\/v2\/posts\/82322\/revisions"}],"predecessor-version":[{"id":82325,"href":"https:\/\/www.elsindical.com.ar\/notas\/wp-json\/wp\/v2\/posts\/82322\/revisions\/82325"}],"wp:featuredmedia":[{"embeddable":true,"href":"https:\/\/www.elsindical.com.ar\/notas\/wp-json\/wp\/v2\/media\/82324"}],"wp:attachment":[{"href":"https:\/\/www.elsindical.com.ar\/notas\/wp-json\/wp\/v2\/media?parent=82322"}],"wp:term":[{"taxonomy":"category","embeddable":true,"href":"https:\/\/www.elsindical.com.ar\/notas\/wp-json\/wp\/v2\/categories?post=82322"},{"taxonomy":"post_tag","embeddable":true,"href":"https:\/\/www.elsindical.com.ar\/notas\/wp-json\/wp\/v2\/tags?post=82322"}],"curies":[{"name":"wp","href":"https:\/\/api.w.org\/{rel}","templated":true}]}}