{"id":82249,"date":"2018-10-31T17:41:20","date_gmt":"2018-10-31T20:41:20","guid":{"rendered":"http:\/\/www.elsindical.com.ar\/notas\/?p=82249"},"modified":"2018-10-31T17:41:20","modified_gmt":"2018-10-31T20:41:20","slug":"avellaneda-asesinan-en-robo-a-policia-en-villa-tranquila","status":"publish","type":"post","link":"https:\/\/www.elsindical.com.ar\/notas\/avellaneda-asesinan-en-robo-a-policia-en-villa-tranquila\/","title":{"rendered":"Avellaneda: Asesinan en robo a polic\u00eda en Villa Tranquila"},"content":{"rendered":"<p><a href=\"http:\/\/www.elsindical.com.ar\/notas\/var\/www\/html\/notas\/wp-content\/uploads\/2018\/10\/20181031_145716.jpg\"><img loading=\"lazy\" decoding=\"async\" class=\"alignnone size-medium wp-image-82251\" src=\"http:\/\/www.elsindical.com.ar\/notas\/var\/www\/html\/notas\/wp-content\/uploads\/2018\/10\/20181031_145716-300x225.jpg\" alt=\"\" width=\"300\" height=\"225\" srcset=\"https:\/\/www.elsindical.com.ar\/notas\/var\/www\/html\/notas\/wp-content\/uploads\/2018\/10\/20181031_145716-300x225.jpg 300w, https:\/\/www.elsindical.com.ar\/notas\/var\/www\/html\/notas\/wp-content\/uploads\/2018\/10\/20181031_145716-768x576.jpg 768w, https:\/\/www.elsindical.com.ar\/notas\/var\/www\/html\/notas\/wp-content\/uploads\/2018\/10\/20181031_145716-1024x768.jpg 1024w, https:\/\/www.elsindical.com.ar\/notas\/var\/www\/html\/notas\/wp-content\/uploads\/2018\/10\/20181031_145716-400x300.jpg 400w\" sizes=\"auto, (max-width: 300px) 100vw, 300px\" \/><\/a>\u00a0 \u00a0Una pareja de polic\u00edas ambos numerarios de la DDI Lan\u00fas, fueron sorprendidos por una banda de delincuentes, los que adem\u00e1s de robarles sus pertenencias y armas reglamentarias, le dispararon al pecho al masculino, el cual lleg\u00f3 muerto al Hospital Pedro Fiorito.<\/p>\n<p>El Subteniente Leonardo Gabriel Sarmiento se encontraba junto a la Oficial Inspector Magal\u00ed D. realizando tareas dispuestas por la UFI 3 de Avellaneda, en el marco de una causa por abuso sexual, cuando realizaban tareas encubiertas en la intersecci\u00f3n de las calles French y Guti\u00e9rrez, zona lindera a la peligrosa Villa Tranquila cuando fueron sorprendidos por 5 o 6 delincuentes.<\/p>\n<p>El asesinato gener\u00f3 malestar entre los polic\u00edas que han repudiado lo ocurrido por las redes sociales, incluso existe una denuncia que las autoridades del Ministerio de Seguridad han ocultado, respecto a que las DDI y narcotr\u00e1fico no est\u00e1n recibiendo chalecos ya que la prioridad es para los efectivos de seguridad, lo que deber\u00e1 ser aclarado por el ministro de seguridad Cristian Ritondo.<\/p>\n<p>Por otro lado los pocos vecinos que se animaron a hablar en off, se quejan de la falta de c\u00e1maras de seguridad en la zona, identificando en esa esquina como uno de los puntos m\u00e1s peligrosos de la zona, donde hay robos y tiros todos los d\u00edas.<\/p>\n<p>Todos coinciden en que los menores de Villa Tranquila que delinquen est\u00e1s desatados, sabiendo que por lo que sea, recuperan inmediatamente la libertad, en esto el Procurador General de la provincia de Buenos Aires el Dr. Julio Conte Grand, deber\u00eda dar explicaciones a los ciudadanos de la tem\u00e1tica y forma de trabajo de los fiscales del Fuero de Responsabilidad Juvenil, ya que salvo los homicidios, los menores, de 16 o 17 a\u00f1os inclusive, recuperan la libertad aunque sean aprehendidos armados, por robos, lesiones y atentado y resistencia a la autoridad, algunos de estos menores en el 2018 superan las 20 aprehensiones.<\/p>\n<p><a href=\"http:\/\/www.elsindical.com.ar\/notas\/var\/www\/html\/notas\/wp-content\/uploads\/2018\/10\/20181031_150056-e1541017315325.jpg\"><img loading=\"lazy\" decoding=\"async\" class=\"alignnone size-medium wp-image-82250\" src=\"http:\/\/www.elsindical.com.ar\/notas\/var\/www\/html\/notas\/wp-content\/uploads\/2018\/10\/20181031_150056-e1541017315325-225x300.jpg\" alt=\"\" width=\"225\" height=\"300\" srcset=\"https:\/\/www.elsindical.com.ar\/notas\/var\/www\/html\/notas\/wp-content\/uploads\/2018\/10\/20181031_150056-e1541017315325-225x300.jpg 225w, https:\/\/www.elsindical.com.ar\/notas\/var\/www\/html\/notas\/wp-content\/uploads\/2018\/10\/20181031_150056-e1541017315325-768x1024.jpg 768w\" sizes=\"auto, (max-width: 225px) 100vw, 225px\" \/><\/a><a href=\"http:\/\/www.elsindical.com.ar\/notas\/var\/www\/html\/notas\/wp-content\/uploads\/2018\/10\/Leonardo-Gabriel-Sarmiento.png\"><img loading=\"lazy\" decoding=\"async\" class=\"alignnone size-medium wp-image-82253\" src=\"http:\/\/www.elsindical.com.ar\/notas\/var\/www\/html\/notas\/wp-content\/uploads\/2018\/10\/Leonardo-Gabriel-Sarmiento-300x243.png\" alt=\"\" width=\"300\" height=\"243\" srcset=\"https:\/\/www.elsindical.com.ar\/notas\/var\/www\/html\/notas\/wp-content\/uploads\/2018\/10\/Leonardo-Gabriel-Sarmiento-300x243.png 300w, https:\/\/www.elsindical.com.ar\/notas\/var\/www\/html\/notas\/wp-content\/uploads\/2018\/10\/Leonardo-Gabriel-Sarmiento-371x300.png 371w, https:\/\/www.elsindical.com.ar\/notas\/var\/www\/html\/notas\/wp-content\/uploads\/2018\/10\/Leonardo-Gabriel-Sarmiento.png 743w\" sizes=\"auto, (max-width: 300px) 100vw, 300px\" \/><\/a><br \/>\n<iframe loading=\"lazy\" src=\"https:\/\/www.youtube.com\/embed\/YA_mvXidlgk\" width=\"580\" height=\"420\" frameborder=\"0\" allowfullscreen=\"allowfullscreen\"><span data-mce-type=\"bookmark\" style=\"display: inline-block; width: 0px; overflow: hidden; line-height: 0;\" class=\"mce_SELRES_start\">\ufeff<\/span><\/iframe><\/p>\n","protected":false},"excerpt":{"rendered":"<p>\u00a0 \u00a0Una pareja de polic\u00edas ambos numerarios de la DDI Lan\u00fas, fueron sorprendidos por una banda de delincuentes, los que adem\u00e1s de robarles sus pertenencias y armas reglamentarias, le dispararon al pecho al masculino, el cual lleg\u00f3 muerto al Hospital Pedro Fiorito. El Subteniente Leonardo Gabriel Sarmiento se encontraba junto a la Oficial Inspector Magal\u00ed&hellip;<\/p>\n","protected":false},"author":1,"featured_media":82251,"comment_status":"open","ping_status":"open","sticky":false,"template":"","format":"standard","meta":{"footnotes":""},"categories":[22],"tags":[461,24378,29787,1796],"class_list":["post-82249","post","type-post","status-publish","format-standard","has-post-thumbnail","hentry","category-policiales","tag-avellaneda","tag-ddi-lanus","tag-subteniente-leonardo-gabriel-sarmiento","tag-villa-tranquila"],"_links":{"self":[{"href":"https:\/\/www.elsindical.com.ar\/notas\/wp-json\/wp\/v2\/posts\/82249","targetHints":{"allow":["GET"]}}],"collection":[{"href":"https:\/\/www.elsindical.com.ar\/notas\/wp-json\/wp\/v2\/posts"}],"about":[{"href":"https:\/\/www.elsindical.com.ar\/notas\/wp-json\/wp\/v2\/types\/post"}],"author":[{"embeddable":true,"href":"https:\/\/www.elsindical.com.ar\/notas\/wp-json\/wp\/v2\/users\/1"}],"replies":[{"embeddable":true,"href":"https:\/\/www.elsindical.com.ar\/notas\/wp-json\/wp\/v2\/comments?post=82249"}],"version-history":[{"count":2,"href":"https:\/\/www.elsindical.com.ar\/notas\/wp-json\/wp\/v2\/posts\/82249\/revisions"}],"predecessor-version":[{"id":82254,"href":"https:\/\/www.elsindical.com.ar\/notas\/wp-json\/wp\/v2\/posts\/82249\/revisions\/82254"}],"wp:featuredmedia":[{"embeddable":true,"href":"https:\/\/www.elsindical.com.ar\/notas\/wp-json\/wp\/v2\/media\/82251"}],"wp:attachment":[{"href":"https:\/\/www.elsindical.com.ar\/notas\/wp-json\/wp\/v2\/media?parent=82249"}],"wp:term":[{"taxonomy":"category","embeddable":true,"href":"https:\/\/www.elsindical.com.ar\/notas\/wp-json\/wp\/v2\/categories?post=82249"},{"taxonomy":"post_tag","embeddable":true,"href":"https:\/\/www.elsindical.com.ar\/notas\/wp-json\/wp\/v2\/tags?post=82249"}],"curies":[{"name":"wp","href":"https:\/\/api.w.org\/{rel}","templated":true}]}}