{"id":8221,"date":"2010-08-01T02:21:17","date_gmt":"2010-08-01T05:21:17","guid":{"rendered":"http:\/\/www.elsindical.com.ar\/notas\/?p=8221"},"modified":"2010-08-01T02:21:17","modified_gmt":"2010-08-01T05:21:17","slug":"replica-del-gobierno-nacional-al-discurso-de-biolcati-en-la-rural","status":"publish","type":"post","link":"https:\/\/www.elsindical.com.ar\/notas\/replica-del-gobierno-nacional-al-discurso-de-biolcati-en-la-rural\/","title":{"rendered":"R\u00e9plica del gobierno nacional al discurso de Biolcati en La Rural"},"content":{"rendered":"<p style=\"text-align: justify;\"><em><a href=\"http:\/\/www.elsindical.com.ar\/notas\/var\/www\/html\/notas\/wp-content\/uploads\/2010\/04\/An\u00edbal-Fern\u00e1ndez-OJO.jpg\"><img loading=\"lazy\" decoding=\"async\" class=\"alignleft size-full wp-image-5742\" title=\"An\u00edbal-Fern\u00e1ndez-OJO\" src=\"http:\/\/www.elsindical.com.ar\/notas\/var\/www\/html\/notas\/wp-content\/uploads\/2010\/04\/An\u00edbal-Fern\u00e1ndez-OJO.jpg\" alt=\"\" width=\"266\" height=\"194\" \/><\/a>El Jefe de Gabinete, An\u00edbal Fern\u00e1ndez, calific\u00f3 de \u00abespantoso\u00bb el discurso que dio Hugo Biolcati en la inauguraci\u00f3n de la 124\u00ba Exposici\u00f3n Rural. Adem\u00e1s afirm\u00f3\u00a0 que \u201cverg\u00fcenza ajena dan los representantes de la pol\u00edtica que van a la Sociedad Rural\u00bb.<\/em>\u00a0<br \/>\n\u00a0<br \/>\nAn\u00edbal Fern\u00e1ndez, a trav\u00e9s de su cuenta en la red social Twitter, dijo que \u201cles escupen en la cara y aplauden complacientes\u201d.<\/p>\n<p style=\"text-align: justify;\">Adem\u00e1s, sostuvo que la Sociedad Rural \u201cha vivido 200 a\u00f1os despreciando las necesidades de los argentinos y de frivolidad consumista del supuesto primer mundo\u201d.<\/p>\n<p style=\"text-align: justify;\">Tras el acto de inauguraci\u00f3n de la 124\u00ba Exposici\u00f3n Rural en Palermo, Fern\u00e1ndez reflexion\u00f3: \u201cHablan de pobres pero no quieren que les toquen el bolsillo. Hablan de di\u00e1logo pero les molesta la diversidad y la pluralidad\u201d.<\/p>\n<p style=\"text-align: justify;\">\u201cDenigrar las representaciones del Gobierno democr\u00e1tico manifiesta su incomodidad con el sistema\u201d, dispar\u00f3 al tiempo que calific\u00f3 de \u201cespantoso\u201d el discurso inaugural de Hugo Biolcati, titular de la Sociedad Rural Argentina.<\/p>\n","protected":false},"excerpt":{"rendered":"<p>El Jefe de Gabinete, An\u00edbal Fern\u00e1ndez, calific\u00f3 de \u00abespantoso\u00bb el discurso que dio Hugo Biolcati en la inauguraci\u00f3n de la 124\u00ba Exposici\u00f3n Rural. Adem\u00e1s afirm\u00f3\u00a0 que \u201cverg\u00fcenza ajena dan los representantes de la pol\u00edtica que van a la Sociedad Rural\u00bb.\u00a0 \u00a0 An\u00edbal Fern\u00e1ndez, a trav\u00e9s de su cuenta en la red social Twitter, dijo que&hellip;<\/p>\n","protected":false},"author":1,"featured_media":0,"comment_status":"open","ping_status":"open","sticky":false,"template":"","format":"standard","meta":{"footnotes":""},"categories":[13],"tags":[1528,2282,4030,4029,3776],"class_list":["post-8221","post","type-post","status-publish","format-standard","hentry","category-politica","tag-anibal-domingo-fernandez","tag-criticas","tag-discurso","tag-hugo-biolcati","tag-rural"],"_links":{"self":[{"href":"https:\/\/www.elsindical.com.ar\/notas\/wp-json\/wp\/v2\/posts\/8221","targetHints":{"allow":["GET"]}}],"collection":[{"href":"https:\/\/www.elsindical.com.ar\/notas\/wp-json\/wp\/v2\/posts"}],"about":[{"href":"https:\/\/www.elsindical.com.ar\/notas\/wp-json\/wp\/v2\/types\/post"}],"author":[{"embeddable":true,"href":"https:\/\/www.elsindical.com.ar\/notas\/wp-json\/wp\/v2\/users\/1"}],"replies":[{"embeddable":true,"href":"https:\/\/www.elsindical.com.ar\/notas\/wp-json\/wp\/v2\/comments?post=8221"}],"version-history":[{"count":1,"href":"https:\/\/www.elsindical.com.ar\/notas\/wp-json\/wp\/v2\/posts\/8221\/revisions"}],"predecessor-version":[{"id":8222,"href":"https:\/\/www.elsindical.com.ar\/notas\/wp-json\/wp\/v2\/posts\/8221\/revisions\/8222"}],"wp:attachment":[{"href":"https:\/\/www.elsindical.com.ar\/notas\/wp-json\/wp\/v2\/media?parent=8221"}],"wp:term":[{"taxonomy":"category","embeddable":true,"href":"https:\/\/www.elsindical.com.ar\/notas\/wp-json\/wp\/v2\/categories?post=8221"},{"taxonomy":"post_tag","embeddable":true,"href":"https:\/\/www.elsindical.com.ar\/notas\/wp-json\/wp\/v2\/tags?post=8221"}],"curies":[{"name":"wp","href":"https:\/\/api.w.org\/{rel}","templated":true}]}}