{"id":82179,"date":"2018-10-28T14:00:13","date_gmt":"2018-10-28T17:00:13","guid":{"rendered":"http:\/\/www.elsindical.com.ar\/notas\/?p=82179"},"modified":"2018-10-28T14:00:13","modified_gmt":"2018-10-28T17:00:13","slug":"hubo-17-secuestros-extorsivos-en-la-region","status":"publish","type":"post","link":"https:\/\/www.elsindical.com.ar\/notas\/hubo-17-secuestros-extorsivos-en-la-region\/","title":{"rendered":"Hubo 17 secuestros extorsivos en la Regi\u00f3n"},"content":{"rendered":"<p><a href=\"http:\/\/www.elsindical.com.ar\/notas\/var\/www\/html\/notas\/wp-content\/uploads\/2018\/10\/estad\u00edsticas-secuestros-extorsivos.jpg\"><img loading=\"lazy\" decoding=\"async\" class=\"alignnone size-medium wp-image-82180\" src=\"http:\/\/www.elsindical.com.ar\/notas\/var\/www\/html\/notas\/wp-content\/uploads\/2018\/10\/estad\u00edsticas-secuestros-extorsivos-300x192.jpg\" alt=\"\" width=\"300\" height=\"192\" srcset=\"https:\/\/www.elsindical.com.ar\/notas\/var\/www\/html\/notas\/wp-content\/uploads\/2018\/10\/estad\u00edsticas-secuestros-extorsivos-300x192.jpg 300w, https:\/\/www.elsindical.com.ar\/notas\/var\/www\/html\/notas\/wp-content\/uploads\/2018\/10\/estad\u00edsticas-secuestros-extorsivos-468x300.jpg 468w, https:\/\/www.elsindical.com.ar\/notas\/var\/www\/html\/notas\/wp-content\/uploads\/2018\/10\/estad\u00edsticas-secuestros-extorsivos.jpg 728w\" sizes=\"auto, (max-width: 300px) 100vw, 300px\" \/><\/a>El dato es hasta septiembre, seg\u00fan informa la UFESE. Uno de los casos es de Avellaneda, cuatro de Brown, uno de Lan\u00fas, otro en San Vicente, dos de Presidente Per\u00f3n y otros dos de Lomas.<\/p>\n<p>La Unidad Fiscal Especializada en Secuestros Extorsivos, dependiente de la Procuraci\u00f3n General de la Naci\u00f3n, precis\u00f3 que en los primeros nueve meses del a\u00f1o, hubo 16 secuestros extorsivos en la Regi\u00f3n. El partido m\u00e1s afectado es Almirante Brown.<\/p>\n<p>Los casos que la UFESE, a cargo de Santiago Marquevich, relev\u00f3 que de los 80 casos que se denunciaron entre enero y septiembre, 17 ocurrieron en la Regi\u00f3n. Almirante Brown lidera el r\u00e1nking con ocho casos, Lomas de Zamora lo sigue con cuatro, Presidente Per\u00f3n aparece con dos casos, Lan\u00fas y Avellaneda tienen uno.<\/p>\n<p>Sucedieron en Avellaneda; Longchamps, Burzaco, Jos\u00e9 M\u00e1rmol, dos casos en Rafael Calzada y otros tres en Adrogu\u00e9; Alejandro Korn; dos casos en Guernica; Ingeniero Budge, Banfield, Lomas y Villa Fiorito y Lan\u00fas.<\/p>\n<p>Seg\u00fan los informes de la UFESE, que recoge los datos mensuales de los Departamentos Judiciales de todo el pa\u00eds, el 53,6 por ciento de los secuestros sucedieron en el lapso comprendido entre las 18 y la medianoche, mientras que en el 73,2% de los casos hubo pago de rescate para que se registrara la liberaci\u00f3n de la v\u00edctima.<\/p>\n<p>Por el momento, son 80 los casos denunciados en los primeros nueve meses del a\u00f1o; en 2017, fueron 185 los secuestros extorsivos. La tendencia, en comparaci\u00f3n con el a\u00f1o anterior, fue de descenso ya que en 2016 hubo 227 casos.<\/p>\n<p>Los informe precisan que en las fiscal\u00edas federales de Hurlingham y Tres de Febrero se tomaron las denuncias de dos secuestros en Villa Tesei y otro en Lomas del Mirador; la Fiscal\u00eda Federal de Quilmes investig\u00f3 dos casos en Bernal, otros dos en Quilmes, uno en Quilmes Oeste, Avellaneda y Bernal;<\/p>\n<p>La Fiscal\u00eda Federal 2 de Mor\u00f3n y la de Hurlingham registran secuestros en Merlo, tres en Isidro Casanova, cinco en Castelar, cuatro en Ituzaing\u00f3, uno en Laferrere, La Reja, tres de Mor\u00f3n, uno en Moreno, dos en Ramos Mej\u00eda, otros dos en Francisco \u00c1lvarez, uno en Ciudadela, Parque Leloir, Rafael Castillo, Gonz\u00e1lez Cat\u00e1n y Villa Lynch.<\/p>\n<p>La Fiscal\u00eda Federal 2 de San Mart\u00edn investig\u00f3 dos secuestros en S\u00e1enz Pe\u00f1a, uno en Jos\u00e9 C. Paz y otros dos en Caseros; las fiscal\u00edas federales (1 y 2) de Lomas de Zamora registran casos en Longchamps, dos en Guernica, uno en Ingeniero Budge, otro en Jos\u00e9 M\u00e1rmol, Villa Fiorito, dos en Rafael Calzada, Lan\u00fas, San Mart\u00edn, dos de Adrogu\u00e9, otro de Banfield, Burzaco, Alejandro Korn y Lomas de Zamora.<\/p>\n<p>Las fiscal\u00edas federal 2 y 3 de Rosario suman secuestros en Gobernador G\u00e1lvez, Rosario y Mercedes de San Mart\u00edn. La Fiscal\u00eda Federal 2 de San Isidro aporta denuncias de Mart\u00ednez, Munro y Olivos. La Fiscal\u00eda Federal 2 de Formosa tiene un caso en Piran\u00e9; las fiscal\u00edas de CABA suman dos denuncias de la Comuna 10, otro caso en la Comuna 11, Comuna 13, Santos Lugares y Flores.<\/p>\n<p>La Fiscal\u00eda Federal 2 de Tucum\u00e1n aporta un caso en Villa 9 de Julio; la Fiscal\u00eda Federal 1 de Mendoza tiene casos en Guaymall\u00e9n y Dorrego; la Fiscal\u00eda Federal de Campa\u00f1a, Escobar; la Fiscal\u00eda Federal de San Nicol\u00e1s, Pergamino; Fiscal\u00eda Federal 1 de Santa Fe, Santa Fe.<\/p>\n","protected":false},"excerpt":{"rendered":"<p>El dato es hasta septiembre, seg\u00fan informa la UFESE. Uno de los casos es de Avellaneda, cuatro de Brown, uno de Lan\u00fas, otro en San Vicente, dos de Presidente Per\u00f3n y otros dos de Lomas. La Unidad Fiscal Especializada en Secuestros Extorsivos, dependiente de la Procuraci\u00f3n General de la Naci\u00f3n, precis\u00f3 que en los primeros&hellip;<\/p>\n","protected":false},"author":1,"featured_media":82180,"comment_status":"open","ping_status":"open","sticky":false,"template":"","format":"standard","meta":{"footnotes":""},"categories":[22],"tags":[892,30,29772,29771,25065],"class_list":["post-82179","post","type-post","status-publish","format-standard","has-post-thumbnail","hentry","category-policiales","tag-delitos","tag-policia","tag-region","tag-secuestros-extorsivos","tag-ufese"],"_links":{"self":[{"href":"https:\/\/www.elsindical.com.ar\/notas\/wp-json\/wp\/v2\/posts\/82179","targetHints":{"allow":["GET"]}}],"collection":[{"href":"https:\/\/www.elsindical.com.ar\/notas\/wp-json\/wp\/v2\/posts"}],"about":[{"href":"https:\/\/www.elsindical.com.ar\/notas\/wp-json\/wp\/v2\/types\/post"}],"author":[{"embeddable":true,"href":"https:\/\/www.elsindical.com.ar\/notas\/wp-json\/wp\/v2\/users\/1"}],"replies":[{"embeddable":true,"href":"https:\/\/www.elsindical.com.ar\/notas\/wp-json\/wp\/v2\/comments?post=82179"}],"version-history":[{"count":1,"href":"https:\/\/www.elsindical.com.ar\/notas\/wp-json\/wp\/v2\/posts\/82179\/revisions"}],"predecessor-version":[{"id":82181,"href":"https:\/\/www.elsindical.com.ar\/notas\/wp-json\/wp\/v2\/posts\/82179\/revisions\/82181"}],"wp:featuredmedia":[{"embeddable":true,"href":"https:\/\/www.elsindical.com.ar\/notas\/wp-json\/wp\/v2\/media\/82180"}],"wp:attachment":[{"href":"https:\/\/www.elsindical.com.ar\/notas\/wp-json\/wp\/v2\/media?parent=82179"}],"wp:term":[{"taxonomy":"category","embeddable":true,"href":"https:\/\/www.elsindical.com.ar\/notas\/wp-json\/wp\/v2\/categories?post=82179"},{"taxonomy":"post_tag","embeddable":true,"href":"https:\/\/www.elsindical.com.ar\/notas\/wp-json\/wp\/v2\/tags?post=82179"}],"curies":[{"name":"wp","href":"https:\/\/api.w.org\/{rel}","templated":true}]}}