{"id":82110,"date":"2018-10-25T18:00:36","date_gmt":"2018-10-25T21:00:36","guid":{"rendered":"http:\/\/www.elsindical.com.ar\/notas\/?p=82110"},"modified":"2018-10-25T18:00:36","modified_gmt":"2018-10-25T21:00:36","slug":"pasteleros-logro-una-prorroga-y-garantiza-la-continuidad-laboral-de-los-casi-1-000-empleados-del-buenos-aires-design","status":"publish","type":"post","link":"https:\/\/www.elsindical.com.ar\/notas\/pasteleros-logro-una-prorroga-y-garantiza-la-continuidad-laboral-de-los-casi-1-000-empleados-del-buenos-aires-design\/","title":{"rendered":"Pasteleros logr\u00f3 una pr\u00f3rroga y garantiza la continuidad laboral de los casi 1.000 empleados del Buenos Aires Design"},"content":{"rendered":"<p><a href=\"http:\/\/www.elsindical.com.ar\/notas\/var\/www\/html\/notas\/wp-content\/uploads\/2014\/10\/Buenos-Aires-Design.jpg\"><img loading=\"lazy\" decoding=\"async\" class=\"alignnone size-medium wp-image-46343\" src=\"http:\/\/www.elsindical.com.ar\/notas\/var\/www\/html\/notas\/wp-content\/uploads\/2014\/10\/Buenos-Aires-Design-300x219.jpg\" alt=\"\" width=\"300\" height=\"219\" srcset=\"https:\/\/www.elsindical.com.ar\/notas\/var\/www\/html\/notas\/wp-content\/uploads\/2014\/10\/Buenos-Aires-Design-300x219.jpg 300w, https:\/\/www.elsindical.com.ar\/notas\/var\/www\/html\/notas\/wp-content\/uploads\/2014\/10\/Buenos-Aires-Design-410x300.jpg 410w, https:\/\/www.elsindical.com.ar\/notas\/var\/www\/html\/notas\/wp-content\/uploads\/2014\/10\/Buenos-Aires-Design.jpg 502w\" sizes=\"auto, (max-width: 300px) 100vw, 300px\" \/><\/a>El Sindicato de Pasteleros que conduce Luis Hlebowicz consigui\u00f3 una pr\u00f3rroga en la concesi\u00f3n del Buenos Aires Design en el barrio porte\u00f1o de la Recoleta, en respuesta al reclamo de los trabajadores de los distintos locales gastron\u00f3micos del lugar.<\/p>\n<p>Tras la gesti\u00f3n del gremio y el compromiso de legisladores, se garantiz\u00f3 la continuidad laboral de los cientos de empleados del Hard Rock Caf\u00e9 y los dem\u00e1s comercios que forman parte del espacio.<\/p>\n<p>La pr\u00f3rroga de la concesi\u00f3n ser\u00e1 por 18 meses, seg\u00fan inform\u00f3 Pasteleros, luego de participar activamente en la b\u00fasqueda de soluciones con el objetivo de evitar despidos y llevar tranquilidad a las familias ante la incertidumbre de la situaci\u00f3n establecida.<\/p>\n<p>\u201cEstamos presentes en todos los conflictos de nuestros compa\u00f1eros y pudimos resolver parcialmente esta situaci\u00f3n gracias al acompa\u00f1amiento de todos los trabajadores del complejo\u201d, destac\u00f3 Hlebowicz, l\u00edder sindical de la actividad.<\/p>\n<p>Desde hace meses, el gremio de Pasteleros comenz\u00f3 las gestiones para lograr la continuidad de los puestos de trabajo a trav\u00e9s de reuniones con los distintos bloques pol\u00edticos de la Legislatura, en negociaciones encabezadas especialmente por el legislador Carlos Tomada.<\/p>\n<p>En ese marco, la Comisi\u00f3n Directiva del sindicato hab\u00eda participado semanas atr\u00e1s de una audiencia en la Subsecretar\u00eda de Trabajo de la Ciudad con los representantes de Hard Rock Caf\u00e9, para reclamar respuestas sobre el futuro de los trabajadores, en una negociaci\u00f3n que finalmente lleg\u00f3 a buen puerto tras la exitosa gesti\u00f3n de la organizaci\u00f3n.<\/p>\n","protected":false},"excerpt":{"rendered":"<p>El Sindicato de Pasteleros que conduce Luis Hlebowicz consigui\u00f3 una pr\u00f3rroga en la concesi\u00f3n del Buenos Aires Design en el barrio porte\u00f1o de la Recoleta, en respuesta al reclamo de los trabajadores de los distintos locales gastron\u00f3micos del lugar. Tras la gesti\u00f3n del gremio y el compromiso de legisladores, se garantiz\u00f3 la continuidad laboral de&hellip;<\/p>\n","protected":false},"author":1,"featured_media":46343,"comment_status":"open","ping_status":"open","sticky":false,"template":"","format":"standard","meta":{"footnotes":""},"categories":[16],"tags":[29756,29277,697,3302],"class_list":["post-82110","post","type-post","status-publish","format-standard","has-post-thumbnail","hentry","category-gremiales","tag-buenos-aires-design","tag-pasteleros","tag-prorroga","tag-recoleta"],"_links":{"self":[{"href":"https:\/\/www.elsindical.com.ar\/notas\/wp-json\/wp\/v2\/posts\/82110","targetHints":{"allow":["GET"]}}],"collection":[{"href":"https:\/\/www.elsindical.com.ar\/notas\/wp-json\/wp\/v2\/posts"}],"about":[{"href":"https:\/\/www.elsindical.com.ar\/notas\/wp-json\/wp\/v2\/types\/post"}],"author":[{"embeddable":true,"href":"https:\/\/www.elsindical.com.ar\/notas\/wp-json\/wp\/v2\/users\/1"}],"replies":[{"embeddable":true,"href":"https:\/\/www.elsindical.com.ar\/notas\/wp-json\/wp\/v2\/comments?post=82110"}],"version-history":[{"count":1,"href":"https:\/\/www.elsindical.com.ar\/notas\/wp-json\/wp\/v2\/posts\/82110\/revisions"}],"predecessor-version":[{"id":82111,"href":"https:\/\/www.elsindical.com.ar\/notas\/wp-json\/wp\/v2\/posts\/82110\/revisions\/82111"}],"wp:featuredmedia":[{"embeddable":true,"href":"https:\/\/www.elsindical.com.ar\/notas\/wp-json\/wp\/v2\/media\/46343"}],"wp:attachment":[{"href":"https:\/\/www.elsindical.com.ar\/notas\/wp-json\/wp\/v2\/media?parent=82110"}],"wp:term":[{"taxonomy":"category","embeddable":true,"href":"https:\/\/www.elsindical.com.ar\/notas\/wp-json\/wp\/v2\/categories?post=82110"},{"taxonomy":"post_tag","embeddable":true,"href":"https:\/\/www.elsindical.com.ar\/notas\/wp-json\/wp\/v2\/tags?post=82110"}],"curies":[{"name":"wp","href":"https:\/\/api.w.org\/{rel}","templated":true}]}}