{"id":82022,"date":"2018-10-22T17:04:22","date_gmt":"2018-10-22T20:04:22","guid":{"rendered":"http:\/\/www.elsindical.com.ar\/notas\/?p=82022"},"modified":"2018-10-22T17:04:22","modified_gmt":"2018-10-22T20:04:22","slug":"el-gobierno-de-la-ciudad-quiere-llevar-la-tarifa-de-subte-a-1650","status":"publish","type":"post","link":"https:\/\/www.elsindical.com.ar\/notas\/el-gobierno-de-la-ciudad-quiere-llevar-la-tarifa-de-subte-a-1650\/","title":{"rendered":"El Gobierno de la Ciudad quiere llevar la tarifa de subte a $16,50"},"content":{"rendered":"<p><a href=\"http:\/\/www.elsindical.com.ar\/notas\/var\/www\/html\/notas\/wp-content\/uploads\/2010\/05\/paro-s\u00fabte-l\u00ednea-B.jpg\"><img loading=\"lazy\" decoding=\"async\" class=\"alignnone size-full wp-image-6119\" src=\"http:\/\/www.elsindical.com.ar\/notas\/var\/www\/html\/notas\/wp-content\/uploads\/2010\/05\/paro-s\u00fabte-l\u00ednea-B.jpg\" alt=\"\" width=\"227\" height=\"154\" \/><\/a>El ejecutivo porte\u00f1o present\u00f3 una propuesta para aumentar el pasaje un peso por mes, para llegar al aumento pretendido en febrero.<\/p>\n<p>El Gobierno porte\u00f1o present\u00f3 este lunes una propuesta para aumentar un peso por mes el boleto de subte a partir de noviembre, hasta llevarlo a $16,50 en febrero pr\u00f3ximo.<\/p>\n<p>El ejecutivo de la Ciudad lo hizo en una audiencia p\u00fablica a trav\u00e9s de la empresa subterr\u00e1neos de Buenos Aires (SBASE), que administra la red porte\u00f1a de subtes.<\/p>\n<p>Propuso tambi\u00e9n que el pase del Premetro sin combinaci\u00f3n aumente tambi\u00e9n 50 centavos por mes hasta alcanzar los 6 pesos, durante la audiencia en el Centro Cultural Ad\u00e1n Buenos Ayres.<\/p>\n<p>El presidente de SBASE, Eduardo De Montmollin, afirm\u00f3 que se est\u00e1 \u00aben un entorno inflacionario y necesitamos acercarnos a la tarifa t\u00e9cnica\u00bb, al justificar el pedido empresario.<\/p>\n<p>La presentaci\u00f3n empresarial en la audiencia propone tambi\u00e9n mantener el esquema de descuentos para viajeros frecuentes, con quitas de 20%, 30% y 40% en el costo del pasaje seg\u00fan la cantidad de viajes mensuales y las tarifas sociales para docentes, jubilados y discapacitados.<\/p>\n","protected":false},"excerpt":{"rendered":"<p>El ejecutivo porte\u00f1o present\u00f3 una propuesta para aumentar el pasaje un peso por mes, para llegar al aumento pretendido en febrero. El Gobierno porte\u00f1o present\u00f3 este lunes una propuesta para aumentar un peso por mes el boleto de subte a partir de noviembre, hasta llevarlo a $16,50 en febrero pr\u00f3ximo. El ejecutivo de la Ciudad&hellip;<\/p>\n","protected":false},"author":1,"featured_media":5675,"comment_status":"open","ping_status":"open","sticky":false,"template":"","format":"standard","meta":{"footnotes":""},"categories":[9],"tags":[357,22023,775,876],"class_list":["post-82022","post","type-post","status-publish","format-standard","has-post-thumbnail","hentry","category-economia","tag-aumento","tag-economia","tag-gobierno-porteno","tag-subte"],"_links":{"self":[{"href":"https:\/\/www.elsindical.com.ar\/notas\/wp-json\/wp\/v2\/posts\/82022","targetHints":{"allow":["GET"]}}],"collection":[{"href":"https:\/\/www.elsindical.com.ar\/notas\/wp-json\/wp\/v2\/posts"}],"about":[{"href":"https:\/\/www.elsindical.com.ar\/notas\/wp-json\/wp\/v2\/types\/post"}],"author":[{"embeddable":true,"href":"https:\/\/www.elsindical.com.ar\/notas\/wp-json\/wp\/v2\/users\/1"}],"replies":[{"embeddable":true,"href":"https:\/\/www.elsindical.com.ar\/notas\/wp-json\/wp\/v2\/comments?post=82022"}],"version-history":[{"count":1,"href":"https:\/\/www.elsindical.com.ar\/notas\/wp-json\/wp\/v2\/posts\/82022\/revisions"}],"predecessor-version":[{"id":82023,"href":"https:\/\/www.elsindical.com.ar\/notas\/wp-json\/wp\/v2\/posts\/82022\/revisions\/82023"}],"wp:featuredmedia":[{"embeddable":true,"href":"https:\/\/www.elsindical.com.ar\/notas\/wp-json\/wp\/v2\/media\/5675"}],"wp:attachment":[{"href":"https:\/\/www.elsindical.com.ar\/notas\/wp-json\/wp\/v2\/media?parent=82022"}],"wp:term":[{"taxonomy":"category","embeddable":true,"href":"https:\/\/www.elsindical.com.ar\/notas\/wp-json\/wp\/v2\/categories?post=82022"},{"taxonomy":"post_tag","embeddable":true,"href":"https:\/\/www.elsindical.com.ar\/notas\/wp-json\/wp\/v2\/tags?post=82022"}],"curies":[{"name":"wp","href":"https:\/\/api.w.org\/{rel}","templated":true}]}}