{"id":82009,"date":"2018-10-22T11:06:58","date_gmt":"2018-10-22T14:06:58","guid":{"rendered":"http:\/\/www.elsindical.com.ar\/notas\/?p=82009"},"modified":"2018-10-22T11:06:58","modified_gmt":"2018-10-22T14:06:58","slug":"tarifa-del-agua-convocan-audiencia-publica-por-nuevo-aumento-en-capital-y-conurbano","status":"publish","type":"post","link":"https:\/\/www.elsindical.com.ar\/notas\/tarifa-del-agua-convocan-audiencia-publica-por-nuevo-aumento-en-capital-y-conurbano\/","title":{"rendered":"Tarifa del agua: convocan audiencia p\u00fablica por nuevo aumento en Capital y Conurbano"},"content":{"rendered":"<p><span class=\"text description col-xs-8 col-lg-9\"><a href=\"http:\/\/www.elsindical.com.ar\/notas\/var\/www\/html\/notas\/wp-content\/uploads\/2014\/10\/agua-potable.jpg\"><img loading=\"lazy\" decoding=\"async\" class=\"alignnone size-medium wp-image-45921\" src=\"http:\/\/www.elsindical.com.ar\/notas\/var\/www\/html\/notas\/wp-content\/uploads\/2014\/10\/agua-potable-300x300.jpg\" alt=\"\" width=\"300\" height=\"300\" srcset=\"https:\/\/www.elsindical.com.ar\/notas\/var\/www\/html\/notas\/wp-content\/uploads\/2014\/10\/agua-potable-300x300.jpg 300w, https:\/\/www.elsindical.com.ar\/notas\/var\/www\/html\/notas\/wp-content\/uploads\/2014\/10\/agua-potable-150x150.jpg 150w, https:\/\/www.elsindical.com.ar\/notas\/var\/www\/html\/notas\/wp-content\/uploads\/2014\/10\/agua-potable.jpg 325w\" sizes=\"auto, (max-width: 300px) 100vw, 300px\" \/><\/a>Se llevar\u00e1 a cabo el pr\u00f3ximo 15 de noviembre en Tecn\u00f3polis. Los nuevos valores regir\u00e1n para los usuarios de Capital y 26 municipios de la provincia de Buenos Aires. Fue anunciado hoy en el Bolet\u00edn Oficial.<\/span><\/p>\n<p>La empresa <strong>AySA<\/strong>, que brinda los servicios de agua potable y cloaca en <strong>Capital Federal y 26 municipios del conurbano bonaerense<\/strong>, convoc\u00f3 hoy a trav\u00e9s del Bolet\u00edn Oficial a una <strong>Audiencia P\u00fablica<\/strong> para discutir el incremento tarifario anual de 2019.La misma tendr\u00e1 lugar el<strong> jueves 15 de noviembre a las 10.00 hs<\/strong> en la Nave de la Ciencia de Tecnopolis.<\/p>\n<p>El texto aclara que si bien \u00abel Marco Regulatorio para la prestaci\u00f3n del servicio p\u00fablico de agua potable y desag\u00fces cloacales no establece la obligatoriedad de la Audiencia P\u00fablica como procedimiento previo para realizar una<strong> revisi\u00f3n tarifaria<\/strong>\u00bb se considera importante \u00abasignar un lugar primordial a los mecanismos que posibilitan la participaci\u00f3n de la ciudadan\u00eda en la etapa formativa de las decisiones\u00bb.<\/p>\n<p>Podr\u00e1n participar de la Audiencia P\u00fablica toda persona humana o jur\u00eddica, p\u00fablica o privada que invoque un derecho subjetivo, inter\u00e9s simple o derecho de incidencia colectiva relacionada con la tem\u00e1tica a tratar en la Audiencia P\u00fablica.<\/p>\n<p>Por \u00faltimo, se aclara que \u00abla consulta de la propuesta de Adecuaci\u00f3n Tarifaria presentada por AGUA Y SANEAMIENTOS ARGENTINOS SOCIEDAD AN\u00d3NIMA, la vista de las actuaciones, la inscripci\u00f3n de los expositores y la presentaci\u00f3n de la documentaci\u00f3n relacionada con el objeto de la Audiencia P\u00fablica establecida en el art\u00edculo 1\u00b0 de la presente medida, se llevar\u00e1 a cabo en la sede del ENTE REGULADOR DE AGUA Y SANEAMIENTO, sita en la Avenida Callao N\u00b0 982, planta baja, de la Ciudad Aut\u00f3noma de Buenos Aires, a partir del d\u00eda 29 de octubre de 2018, en el horario de 9:00 a 17:00 y hasta el d\u00eda 13 de noviembre de 2018 a las 10:00\u00bb.<\/p>\n","protected":false},"excerpt":{"rendered":"<p>Se llevar\u00e1 a cabo el pr\u00f3ximo 15 de noviembre en Tecn\u00f3polis. Los nuevos valores regir\u00e1n para los usuarios de Capital y 26 municipios de la provincia de Buenos Aires. Fue anunciado hoy en el Bolet\u00edn Oficial. La empresa AySA, que brinda los servicios de agua potable y cloaca en Capital Federal y 26 municipios del&hellip;<\/p>\n","protected":false},"author":1,"featured_media":45921,"comment_status":"open","ping_status":"open","sticky":false,"template":"","format":"standard","meta":{"footnotes":""},"categories":[9],"tags":[1923,8343,12912,1295,1063],"class_list":["post-82009","post","type-post","status-publish","format-standard","has-post-thumbnail","hentry","category-economia","tag-agua","tag-audiencia-publica","tag-aysa","tag-boletin-oficial","tag-tarifa"],"_links":{"self":[{"href":"https:\/\/www.elsindical.com.ar\/notas\/wp-json\/wp\/v2\/posts\/82009","targetHints":{"allow":["GET"]}}],"collection":[{"href":"https:\/\/www.elsindical.com.ar\/notas\/wp-json\/wp\/v2\/posts"}],"about":[{"href":"https:\/\/www.elsindical.com.ar\/notas\/wp-json\/wp\/v2\/types\/post"}],"author":[{"embeddable":true,"href":"https:\/\/www.elsindical.com.ar\/notas\/wp-json\/wp\/v2\/users\/1"}],"replies":[{"embeddable":true,"href":"https:\/\/www.elsindical.com.ar\/notas\/wp-json\/wp\/v2\/comments?post=82009"}],"version-history":[{"count":1,"href":"https:\/\/www.elsindical.com.ar\/notas\/wp-json\/wp\/v2\/posts\/82009\/revisions"}],"predecessor-version":[{"id":82010,"href":"https:\/\/www.elsindical.com.ar\/notas\/wp-json\/wp\/v2\/posts\/82009\/revisions\/82010"}],"wp:featuredmedia":[{"embeddable":true,"href":"https:\/\/www.elsindical.com.ar\/notas\/wp-json\/wp\/v2\/media\/45921"}],"wp:attachment":[{"href":"https:\/\/www.elsindical.com.ar\/notas\/wp-json\/wp\/v2\/media?parent=82009"}],"wp:term":[{"taxonomy":"category","embeddable":true,"href":"https:\/\/www.elsindical.com.ar\/notas\/wp-json\/wp\/v2\/categories?post=82009"},{"taxonomy":"post_tag","embeddable":true,"href":"https:\/\/www.elsindical.com.ar\/notas\/wp-json\/wp\/v2\/tags?post=82009"}],"curies":[{"name":"wp","href":"https:\/\/api.w.org\/{rel}","templated":true}]}}