{"id":81914,"date":"2018-10-17T11:15:27","date_gmt":"2018-10-17T14:15:27","guid":{"rendered":"http:\/\/www.elsindical.com.ar\/notas\/?p=81914"},"modified":"2018-10-17T11:15:27","modified_gmt":"2018-10-17T14:15:27","slug":"el-procurador-general-de-buenos-aires-le-respondio-al-juez-que-denuncio-aprietes","status":"publish","type":"post","link":"https:\/\/www.elsindical.com.ar\/notas\/el-procurador-general-de-buenos-aires-le-respondio-al-juez-que-denuncio-aprietes\/","title":{"rendered":"El Procurador general de Buenos Aires le respondi\u00f3 al juez que denunci\u00f3 aprietes"},"content":{"rendered":"<p><a href=\"http:\/\/www.elsindical.com.ar\/notas\/var\/www\/html\/notas\/wp-content\/uploads\/2018\/10\/Conte-Grand.jpg\"><img loading=\"lazy\" decoding=\"async\" class=\"alignnone size-medium wp-image-81915\" src=\"http:\/\/www.elsindical.com.ar\/notas\/var\/www\/html\/notas\/wp-content\/uploads\/2018\/10\/Conte-Grand-300x204.jpg\" alt=\"\" width=\"300\" height=\"204\" srcset=\"https:\/\/www.elsindical.com.ar\/notas\/var\/www\/html\/notas\/wp-content\/uploads\/2018\/10\/Conte-Grand-300x204.jpg 300w, https:\/\/www.elsindical.com.ar\/notas\/var\/www\/html\/notas\/wp-content\/uploads\/2018\/10\/Conte-Grand-768x523.jpg 768w, https:\/\/www.elsindical.com.ar\/notas\/var\/www\/html\/notas\/wp-content\/uploads\/2018\/10\/Conte-Grand-1024x698.jpg 1024w, https:\/\/www.elsindical.com.ar\/notas\/var\/www\/html\/notas\/wp-content\/uploads\/2018\/10\/Conte-Grand-440x300.jpg 440w, https:\/\/www.elsindical.com.ar\/notas\/var\/www\/html\/notas\/wp-content\/uploads\/2018\/10\/Conte-Grand.jpg 1140w\" sizes=\"auto, (max-width: 300px) 100vw, 300px\" \/><\/a>Julio Conte Grand defendi\u00f3 el trabajo del Fiscal Sebasti\u00e1n Scalera que pidi\u00f3 la detenci\u00f3n de Pablo Moyano; adem\u00e1s le respondi\u00f3 a Luis Carzoglio.<\/p>\n<p>Julio Conte Grand, procurador de la provincia de Buenos Aires, le respondi\u00f3 al Juez Luis Carzoglio que denunci\u00f3 aprietes de la Procuraci\u00f3n. Luego de la presentaci\u00f3n del magistrado, el jefe de los fiscales sostuvo: \u00abNo amenazamos ni presionamos a nadie\u00bb.<\/p>\n<p>El procurador defendi\u00f3 el trabajo de Sebasti\u00e1n Scalera, Fiscal que pidi\u00f3 la detenci\u00f3n de Pablo Moyano, y agreg\u00f3: \u00abSi no hay pruebas, no solicitamos detenciones\u00bb. En ese mismo sentido, el propio Scalera hab\u00eda declarado \u00abestar sorprendido y con bronca\u00bb por la resoluci\u00f3n de Carzoglio.<\/p>\n<p>Juez que rechaz\u00f3 detener a Moyano denunci\u00f3 aprietes<\/p>\n<p>Por otro lado, Conte Grand a\u00f1adi\u00f3 que indic\u00f3 que el Juez Carzoglio le hab\u00eda hablado de \u00abde algunas necesidades que ten\u00eda de car\u00e1cter administrativo, y me habl\u00f3 de temas vinculados a la Justicia en general\u00bb.<\/p>\n<p>Respecto a las filtraciones denunciadas por Carzoglio, revel\u00f3: \u00abLa informaci\u00f3n a la que hace referencia el magistrado es virtualmente p\u00fablica, porque se refiere a antecedentes de expedientes disciplinarios que no tramitan en la Procuraci\u00f3n\u00bb.<\/p>\n<p>Por \u00faltimo, sobre la detenci\u00f3n de Moyano, Scalera indic\u00f3:\u00bbPablo Moyano es el jefe, el l\u00edder de la asociaci\u00f3n il\u00edcita integrada por la barra brava de Independiente\u00bb<\/p>\n","protected":false},"excerpt":{"rendered":"<p>Julio Conte Grand defendi\u00f3 el trabajo del Fiscal Sebasti\u00e1n Scalera que pidi\u00f3 la detenci\u00f3n de Pablo Moyano; adem\u00e1s le respondi\u00f3 a Luis Carzoglio. Julio Conte Grand, procurador de la provincia de Buenos Aires, le respondi\u00f3 al Juez Luis Carzoglio que denunci\u00f3 aprietes de la Procuraci\u00f3n. Luego de la presentaci\u00f3n del magistrado, el jefe de los&hellip;<\/p>\n","protected":false},"author":1,"featured_media":81915,"comment_status":"open","ping_status":"open","sticky":false,"template":"","format":"standard","meta":{"footnotes":""},"categories":[20],"tags":[26310,19433,632,29703],"class_list":["post-81914","post","type-post","status-publish","format-standard","has-post-thumbnail","hentry","category-judiciales","tag-fiscal-scalera","tag-juez-carzoglio","tag-pablo-moyano","tag-procurador-julio-conte-grand"],"_links":{"self":[{"href":"https:\/\/www.elsindical.com.ar\/notas\/wp-json\/wp\/v2\/posts\/81914","targetHints":{"allow":["GET"]}}],"collection":[{"href":"https:\/\/www.elsindical.com.ar\/notas\/wp-json\/wp\/v2\/posts"}],"about":[{"href":"https:\/\/www.elsindical.com.ar\/notas\/wp-json\/wp\/v2\/types\/post"}],"author":[{"embeddable":true,"href":"https:\/\/www.elsindical.com.ar\/notas\/wp-json\/wp\/v2\/users\/1"}],"replies":[{"embeddable":true,"href":"https:\/\/www.elsindical.com.ar\/notas\/wp-json\/wp\/v2\/comments?post=81914"}],"version-history":[{"count":1,"href":"https:\/\/www.elsindical.com.ar\/notas\/wp-json\/wp\/v2\/posts\/81914\/revisions"}],"predecessor-version":[{"id":81916,"href":"https:\/\/www.elsindical.com.ar\/notas\/wp-json\/wp\/v2\/posts\/81914\/revisions\/81916"}],"wp:featuredmedia":[{"embeddable":true,"href":"https:\/\/www.elsindical.com.ar\/notas\/wp-json\/wp\/v2\/media\/81915"}],"wp:attachment":[{"href":"https:\/\/www.elsindical.com.ar\/notas\/wp-json\/wp\/v2\/media?parent=81914"}],"wp:term":[{"taxonomy":"category","embeddable":true,"href":"https:\/\/www.elsindical.com.ar\/notas\/wp-json\/wp\/v2\/categories?post=81914"},{"taxonomy":"post_tag","embeddable":true,"href":"https:\/\/www.elsindical.com.ar\/notas\/wp-json\/wp\/v2\/tags?post=81914"}],"curies":[{"name":"wp","href":"https:\/\/api.w.org\/{rel}","templated":true}]}}