{"id":81911,"date":"2018-10-17T11:09:15","date_gmt":"2018-10-17T14:09:15","guid":{"rendered":"http:\/\/www.elsindical.com.ar\/notas\/?p=81911"},"modified":"2018-10-17T11:09:15","modified_gmt":"2018-10-17T14:09:15","slug":"los-curas-villeros-salieron-a-respaldar-a-las-organizaciones-sociales","status":"publish","type":"post","link":"https:\/\/www.elsindical.com.ar\/notas\/los-curas-villeros-salieron-a-respaldar-a-las-organizaciones-sociales\/","title":{"rendered":"Los curas villeros salieron a respaldar a las organizaciones sociales"},"content":{"rendered":"<p><a href=\"http:\/\/www.elsindical.com.ar\/notas\/var\/www\/html\/notas\/wp-content\/uploads\/2018\/10\/Padre-Pepe.jpg\"><img loading=\"lazy\" decoding=\"async\" class=\"alignnone size-medium wp-image-81912\" src=\"http:\/\/www.elsindical.com.ar\/notas\/var\/www\/html\/notas\/wp-content\/uploads\/2018\/10\/Padre-Pepe-300x158.jpg\" alt=\"\" width=\"300\" height=\"158\" srcset=\"https:\/\/www.elsindical.com.ar\/notas\/var\/www\/html\/notas\/wp-content\/uploads\/2018\/10\/Padre-Pepe-300x158.jpg 300w, https:\/\/www.elsindical.com.ar\/notas\/var\/www\/html\/notas\/wp-content\/uploads\/2018\/10\/Padre-Pepe-768x405.jpg 768w, https:\/\/www.elsindical.com.ar\/notas\/var\/www\/html\/notas\/wp-content\/uploads\/2018\/10\/Padre-Pepe-500x264.jpg 500w, https:\/\/www.elsindical.com.ar\/notas\/var\/www\/html\/notas\/wp-content\/uploads\/2018\/10\/Padre-Pepe.jpg 1000w\" sizes=\"auto, (max-width: 300px) 100vw, 300px\" \/><\/a>En el marco de una disputa con el Gobierno, los curas villeros resaltaron que son las organizaciones sociales las que ayudan \u201cdonde la mano invisible del mercado con su teor\u00eda del derrame nunca termina llegando\u201d.<\/p>\n<div class=\"cuerponota mb50\">\n<p>A trav\u00e9s de la web del Episcopado, los curas villeros realizaron una publicaci\u00f3n en defensa de los movimientos sociales, aliados territoriales de la Iglesia, en medio de la disputa que mantiene con la ministra de Seguridad Patricia Bullrich y otros funcionarios del ejecutivo nacional..<\/p>\n<p>\u201cQuisi\u00e9ramos destacar algunos de los aportes de los movimientos sociales. Lo creemos conveniente porque a veces se escuchan distintas voces que los descalifican\u201d comienza el texto titulado \u201cLos movimientos sociales y su compromiso por una patria para todos\u201d<\/p>\n<p>\u201cDonde la mano invisible del mercado con su teor\u00eda del derrame nunca termina llegando, porque la copa siempre necesita crecer m\u00e1s, donde el Estado a duras penas hace pie y a veces le falta inteligencia para resolver temas concretos, son muchas veces los movimientos sociales -a trav\u00e9s de sus integrantes- los que terminan tendiendo la mano en situaciones de la vida diaria y fortalecen con su presencia el tejido social\u201d, se\u00f1alan.<\/p>\n<p>En el comunicado, el Episcopado destac\u00f3 dos logros de los movimientos sociales: la sanci\u00f3n de la ley de emergencia social y su participaci\u00f3n en el relevamiento de los asentamientos para el proyecto de urbanizaci\u00f3n y entrega de t\u00edtulos de propiedad<\/p>\n<p>Los curas villeros y los movimientos sociales son parte de una misma esfera. Sin ir m\u00e1s lejos, Juan Grabois uno de los referentes de la CTEP mantiene una aceitada relaci\u00f3n con el Papa.<\/p>\n<p>Con este mensaje la Iglesia toma posici\u00f3n y se enfrenta de alguna manera al Gobierno que acusa a los piqueteros de impedir el tr\u00e1nsito o de generar un clima enrarecido.<\/p>\n<\/div>\n","protected":false},"excerpt":{"rendered":"<p>En el marco de una disputa con el Gobierno, los curas villeros resaltaron que son las organizaciones sociales las que ayudan \u201cdonde la mano invisible del mercado con su teor\u00eda del derrame nunca termina llegando\u201d. A trav\u00e9s de la web del Episcopado, los curas villeros realizaron una publicaci\u00f3n en defensa de los movimientos sociales, aliados&hellip;<\/p>\n","protected":false},"author":1,"featured_media":81912,"comment_status":"open","ping_status":"open","sticky":false,"template":"","format":"standard","meta":{"footnotes":""},"categories":[25],"tags":[24120,3412,22087,2871,19821],"class_list":["post-81911","post","type-post","status-publish","format-standard","has-post-thumbnail","hentry","category-sociedad","tag-ctep","tag-curas-villeros","tag-episcopado","tag-juan-grabois","tag-padre-pepe"],"_links":{"self":[{"href":"https:\/\/www.elsindical.com.ar\/notas\/wp-json\/wp\/v2\/posts\/81911","targetHints":{"allow":["GET"]}}],"collection":[{"href":"https:\/\/www.elsindical.com.ar\/notas\/wp-json\/wp\/v2\/posts"}],"about":[{"href":"https:\/\/www.elsindical.com.ar\/notas\/wp-json\/wp\/v2\/types\/post"}],"author":[{"embeddable":true,"href":"https:\/\/www.elsindical.com.ar\/notas\/wp-json\/wp\/v2\/users\/1"}],"replies":[{"embeddable":true,"href":"https:\/\/www.elsindical.com.ar\/notas\/wp-json\/wp\/v2\/comments?post=81911"}],"version-history":[{"count":1,"href":"https:\/\/www.elsindical.com.ar\/notas\/wp-json\/wp\/v2\/posts\/81911\/revisions"}],"predecessor-version":[{"id":81913,"href":"https:\/\/www.elsindical.com.ar\/notas\/wp-json\/wp\/v2\/posts\/81911\/revisions\/81913"}],"wp:featuredmedia":[{"embeddable":true,"href":"https:\/\/www.elsindical.com.ar\/notas\/wp-json\/wp\/v2\/media\/81912"}],"wp:attachment":[{"href":"https:\/\/www.elsindical.com.ar\/notas\/wp-json\/wp\/v2\/media?parent=81911"}],"wp:term":[{"taxonomy":"category","embeddable":true,"href":"https:\/\/www.elsindical.com.ar\/notas\/wp-json\/wp\/v2\/categories?post=81911"},{"taxonomy":"post_tag","embeddable":true,"href":"https:\/\/www.elsindical.com.ar\/notas\/wp-json\/wp\/v2\/tags?post=81911"}],"curies":[{"name":"wp","href":"https:\/\/api.w.org\/{rel}","templated":true}]}}