{"id":81908,"date":"2018-10-17T11:06:24","date_gmt":"2018-10-17T14:06:24","guid":{"rendered":"http:\/\/www.elsindical.com.ar\/notas\/?p=81908"},"modified":"2018-10-17T11:06:24","modified_gmt":"2018-10-17T14:06:24","slug":"el-nuevo-sindicato-de-personal-de-plataformas-app-hara-su-presentacion-ante-el-gobierno","status":"publish","type":"post","link":"https:\/\/www.elsindical.com.ar\/notas\/el-nuevo-sindicato-de-personal-de-plataformas-app-hara-su-presentacion-ante-el-gobierno\/","title":{"rendered":"El nuevo sindicato de personal de plataformas (APP), har\u00e1 su presentaci\u00f3n ante el Gobierno"},"content":{"rendered":"<p><a href=\"http:\/\/www.elsindical.com.ar\/notas\/var\/www\/html\/notas\/wp-content\/uploads\/2018\/10\/plataformas-digitales-trabajadores.jpg\"><img loading=\"lazy\" decoding=\"async\" class=\"alignnone size-medium wp-image-81909\" src=\"http:\/\/www.elsindical.com.ar\/notas\/var\/www\/html\/notas\/wp-content\/uploads\/2018\/10\/plataformas-digitales-trabajadores-300x235.jpg\" alt=\"\" width=\"300\" height=\"235\" srcset=\"https:\/\/www.elsindical.com.ar\/notas\/var\/www\/html\/notas\/wp-content\/uploads\/2018\/10\/plataformas-digitales-trabajadores-300x235.jpg 300w, https:\/\/www.elsindical.com.ar\/notas\/var\/www\/html\/notas\/wp-content\/uploads\/2018\/10\/plataformas-digitales-trabajadores-768x601.jpg 768w, https:\/\/www.elsindical.com.ar\/notas\/var\/www\/html\/notas\/wp-content\/uploads\/2018\/10\/plataformas-digitales-trabajadores-383x300.jpg 383w, https:\/\/www.elsindical.com.ar\/notas\/var\/www\/html\/notas\/wp-content\/uploads\/2018\/10\/plataformas-digitales-trabajadores.jpg 1000w\" sizes=\"auto, (max-width: 300px) 100vw, 300px\" \/><\/a>Por primera vez, el nuevo sindicato de personal de plataformas (APP), la primera organizaci\u00f3n de este tipo en Am\u00e9rica Latina que busca representar a m\u00e1s de 100.000 trabajadores en Argentina, se re\u00fane con autoridades del Gobierno nacional, manteniendo en reserva el \u00e1rea que los recibir\u00e1.<\/p>\n<div class=\"cuerponota mb50\">\n<p>Roger Rojas, el secretario provisorio de APP, confirmo, que \u201cEste martes tenemos nuestra primera conversaci\u00f3n con autoridades del Gobierno y por la tarde ser\u00e1 nuestro lanzamiento internacional\u201d, quien mantuvo en secreto el \u00e1rea que los recibir\u00e1.<\/p>\n<p>El abogado confes\u00f3 una estad\u00edstica cierta, el 80% de la fuerza laboral de los delivery virtuales son sudamericanos que trabajan para la colombiana Rappi y la catalana Glovo, en estas dos multinacionales re\u00fanen cerca de 20.000 repartidores en la Ciudad de Buenos Aires.<\/p>\n<p>Ya el mi\u00e9rcoles pasado en la Secretar\u00eda de Trabajo se inici\u00f3 el tr\u00e1mite del pedido de inscripci\u00f3n gremial paso previo y necesario para obtener su reconocimiento formal. \u201cQueremos poner reglas, no decimos si estamos o no en relaci\u00f3n de dependencia, pero se est\u00e1 desviando el uso de las tecnolog\u00edas con la precarizaci\u00f3n\u201d, explic\u00f3 Rojas, que adem\u00e1s sabe y reconoce que en casos son favorecidos por un real vac\u00edo legal.<\/p>\n<p>La nueva formaci\u00f3n sindical cuenta con el gui\u00f1o de la Organizaci\u00f3n Internacional del Trabajo (OIT) y las centrales sindicales globales, que presionan dentro del G20 para sindicalizar y formalizar a los trabajadores. Desde el Gobierno reconocen que hay demoras en regular el sector, uno de los pocos que registra un crecimiento exponencial de la mano del comercio electr\u00f3nico.<\/p>\n<p>Desde APP reconocen que Argentina se convirti\u00f3 en un caso pionero por su \u201chistoria de lucha y sindicalismo\u201d.<\/p>\n<\/div>\n","protected":false},"excerpt":{"rendered":"<p>Por primera vez, el nuevo sindicato de personal de plataformas (APP), la primera organizaci\u00f3n de este tipo en Am\u00e9rica Latina que busca representar a m\u00e1s de 100.000 trabajadores en Argentina, se re\u00fane con autoridades del Gobierno nacional, manteniendo en reserva el \u00e1rea que los recibir\u00e1. Roger Rojas, el secretario provisorio de APP, confirmo, que \u201cEste&hellip;<\/p>\n","protected":false},"author":1,"featured_media":81909,"comment_status":"open","ping_status":"open","sticky":false,"template":"","format":"standard","meta":{"footnotes":""},"categories":[16],"tags":[17711,29702,1574,29701],"class_list":["post-81908","post","type-post","status-publish","format-standard","has-post-thumbnail","hentry","category-gremiales","tag-app","tag-glovo","tag-oit","tag-roger-rojas"],"_links":{"self":[{"href":"https:\/\/www.elsindical.com.ar\/notas\/wp-json\/wp\/v2\/posts\/81908","targetHints":{"allow":["GET"]}}],"collection":[{"href":"https:\/\/www.elsindical.com.ar\/notas\/wp-json\/wp\/v2\/posts"}],"about":[{"href":"https:\/\/www.elsindical.com.ar\/notas\/wp-json\/wp\/v2\/types\/post"}],"author":[{"embeddable":true,"href":"https:\/\/www.elsindical.com.ar\/notas\/wp-json\/wp\/v2\/users\/1"}],"replies":[{"embeddable":true,"href":"https:\/\/www.elsindical.com.ar\/notas\/wp-json\/wp\/v2\/comments?post=81908"}],"version-history":[{"count":1,"href":"https:\/\/www.elsindical.com.ar\/notas\/wp-json\/wp\/v2\/posts\/81908\/revisions"}],"predecessor-version":[{"id":81910,"href":"https:\/\/www.elsindical.com.ar\/notas\/wp-json\/wp\/v2\/posts\/81908\/revisions\/81910"}],"wp:featuredmedia":[{"embeddable":true,"href":"https:\/\/www.elsindical.com.ar\/notas\/wp-json\/wp\/v2\/media\/81909"}],"wp:attachment":[{"href":"https:\/\/www.elsindical.com.ar\/notas\/wp-json\/wp\/v2\/media?parent=81908"}],"wp:term":[{"taxonomy":"category","embeddable":true,"href":"https:\/\/www.elsindical.com.ar\/notas\/wp-json\/wp\/v2\/categories?post=81908"},{"taxonomy":"post_tag","embeddable":true,"href":"https:\/\/www.elsindical.com.ar\/notas\/wp-json\/wp\/v2\/tags?post=81908"}],"curies":[{"name":"wp","href":"https:\/\/api.w.org\/{rel}","templated":true}]}}