{"id":81899,"date":"2018-10-17T10:47:58","date_gmt":"2018-10-17T13:47:58","guid":{"rendered":"http:\/\/www.elsindical.com.ar\/notas\/?p=81899"},"modified":"2018-10-17T10:47:58","modified_gmt":"2018-10-17T13:47:58","slug":"la-autopsia-determino-como-murio-la-embarazada-en-el-hotel-alojamiento","status":"publish","type":"post","link":"https:\/\/www.elsindical.com.ar\/notas\/la-autopsia-determino-como-murio-la-embarazada-en-el-hotel-alojamiento\/","title":{"rendered":"La autopsia determin\u00f3 c\u00f3mo muri\u00f3 la embarazada en el hotel alojamiento"},"content":{"rendered":"<p><a href=\"http:\/\/www.elsindical.com.ar\/notas\/var\/www\/html\/notas\/wp-content\/uploads\/2018\/10\/Carolina-Estefania-Medina.jpg\"><img loading=\"lazy\" decoding=\"async\" class=\"alignnone size-medium wp-image-81863\" src=\"http:\/\/www.elsindical.com.ar\/notas\/var\/www\/html\/notas\/wp-content\/uploads\/2018\/10\/Carolina-Estefania-Medina-276x300.jpg\" alt=\"\" width=\"276\" height=\"300\" srcset=\"https:\/\/www.elsindical.com.ar\/notas\/var\/www\/html\/notas\/wp-content\/uploads\/2018\/10\/Carolina-Estefania-Medina-276x300.jpg 276w, https:\/\/www.elsindical.com.ar\/notas\/var\/www\/html\/notas\/wp-content\/uploads\/2018\/10\/Carolina-Estefania-Medina.jpg 537w\" sizes=\"auto, (max-width: 276px) 100vw, 276px\" \/><\/a>Carolina Medina, de 25 a\u00f1os, transitaba el s\u00e9ptimo mes de gestaci\u00f3n cuando apareci\u00f3 sin vida en una habitaci\u00f3n de un albergue transitorio en Florencio Varela.<\/p>\n<p>La joven embarazada que fue encontrada muerta el pasado s\u00e1bado en un hotel alojamiento de Florencio Varela, muri\u00f3 desangrada producto de las severas lesiones que presentaba en el aparato urinario, digestivo y reproductor.<\/p>\n<p>Carolina Medina fue hallada cerca de las 14.30 luego de que Norberto Garc\u00eda, el hombre con el que lleg\u00f3 al hotel, la abandone en el lugar escap\u00e1ndose raudamente en su auto y llev\u00e1ndose por delante la barrera del estacionamiento. Garc\u00eda es el \u00fanico detenido.<\/p>\n<p>En un primer momento, los investigadores hablaron de un juego sexual que se fue de los carriles normales, ocasionando las serias lesiones.<\/p>\n<p>Tambi\u00e9n, sospechan que la mujer pudo haber accedido pero por la violencia de las lesiones, luego pudo haber sido sometida sin su consentimiento.<\/p>\n<p>Las heridas fueron ocasionadas por un objeto contundente y se estima que pudo haber sido usada una botella de cerveza que pidieron al ingresar pero que no estaba en el lugar cuando lleg\u00f3 la polic\u00eda.<\/p>\n<p>\u00abShock hipovol\u00e9mico con lesiones traum\u00e1ticas en la zona genital y abdominal\u00bb, dice el informe seg\u00fan Clar\u00edn. Tambi\u00e9n se encontr\u00f3 en el lugar una bolsa con un polvo blanco que ser\u00eda coca\u00edna.<\/p>\n","protected":false},"excerpt":{"rendered":"<p>Carolina Medina, de 25 a\u00f1os, transitaba el s\u00e9ptimo mes de gestaci\u00f3n cuando apareci\u00f3 sin vida en una habitaci\u00f3n de un albergue transitorio en Florencio Varela. La joven embarazada que fue encontrada muerta el pasado s\u00e1bado en un hotel alojamiento de Florencio Varela, muri\u00f3 desangrada producto de las severas lesiones que presentaba en el aparato urinario,&hellip;<\/p>\n","protected":false},"author":1,"featured_media":81863,"comment_status":"open","ping_status":"open","sticky":false,"template":"","format":"standard","meta":{"footnotes":""},"categories":[22],"tags":[2045,29699,43,1307,29698,1739],"class_list":["post-81899","post","type-post","status-publish","format-standard","has-post-thumbnail","hentry","category-policiales","tag-autopsia","tag-carolina-medina","tag-cocaina","tag-florencio-varela","tag-hotel-alojamiento","tag-lesiones"],"_links":{"self":[{"href":"https:\/\/www.elsindical.com.ar\/notas\/wp-json\/wp\/v2\/posts\/81899","targetHints":{"allow":["GET"]}}],"collection":[{"href":"https:\/\/www.elsindical.com.ar\/notas\/wp-json\/wp\/v2\/posts"}],"about":[{"href":"https:\/\/www.elsindical.com.ar\/notas\/wp-json\/wp\/v2\/types\/post"}],"author":[{"embeddable":true,"href":"https:\/\/www.elsindical.com.ar\/notas\/wp-json\/wp\/v2\/users\/1"}],"replies":[{"embeddable":true,"href":"https:\/\/www.elsindical.com.ar\/notas\/wp-json\/wp\/v2\/comments?post=81899"}],"version-history":[{"count":1,"href":"https:\/\/www.elsindical.com.ar\/notas\/wp-json\/wp\/v2\/posts\/81899\/revisions"}],"predecessor-version":[{"id":81900,"href":"https:\/\/www.elsindical.com.ar\/notas\/wp-json\/wp\/v2\/posts\/81899\/revisions\/81900"}],"wp:featuredmedia":[{"embeddable":true,"href":"https:\/\/www.elsindical.com.ar\/notas\/wp-json\/wp\/v2\/media\/81863"}],"wp:attachment":[{"href":"https:\/\/www.elsindical.com.ar\/notas\/wp-json\/wp\/v2\/media?parent=81899"}],"wp:term":[{"taxonomy":"category","embeddable":true,"href":"https:\/\/www.elsindical.com.ar\/notas\/wp-json\/wp\/v2\/categories?post=81899"},{"taxonomy":"post_tag","embeddable":true,"href":"https:\/\/www.elsindical.com.ar\/notas\/wp-json\/wp\/v2\/tags?post=81899"}],"curies":[{"name":"wp","href":"https:\/\/api.w.org\/{rel}","templated":true}]}}