{"id":8185,"date":"2010-07-30T03:31:54","date_gmt":"2010-07-30T06:31:54","guid":{"rendered":"http:\/\/www.elsindical.com.ar\/notas\/?p=8185"},"modified":"2010-07-30T03:31:54","modified_gmt":"2010-07-30T06:31:54","slug":"avellanedaasesinan-a-oficial-de-la-prefectura-naval","status":"publish","type":"post","link":"https:\/\/www.elsindical.com.ar\/notas\/avellanedaasesinan-a-oficial-de-la-prefectura-naval\/","title":{"rendered":"Avellaneda:Asesinan a Oficial de la Prefectura Naval"},"content":{"rendered":"<p id=\"txt_115140_3\" style=\"text-align: justify;\"><em><a href=\"http:\/\/www.elsindical.com.ar\/notas\/var\/www\/html\/notas\/wp-content\/uploads\/2010\/07\/gorra-suboficial-Prefectura.jpg\"><img loading=\"lazy\" decoding=\"async\" class=\"alignleft size-full wp-image-8186\" title=\"gorra-suboficial-Prefectura\" src=\"http:\/\/www.elsindical.com.ar\/notas\/var\/www\/html\/notas\/wp-content\/uploads\/2010\/07\/gorra-suboficial-Prefectura.jpg\" alt=\"\" width=\"283\" height=\"170\" \/><\/a>Los investigadores descartaron que se haya tratado de un robo ya que constataron que en el interior del auto de la v\u00edctima estaba su pistola reglamentaria y otras pertenencias.<\/em><\/p>\n<p style=\"text-align: justify;\">El hecho se registr\u00f3 en la calle Vicente L\u00f3pez al 2200, casi Hern\u00e1n Cortez, donde este oficial 2do., de 45 a\u00f1os, fue atacado a tiros aparentemente por dos hombres que luego huyeron.<\/p>\n<p>La v\u00edctima fue trasladada de urgencia al hospital Fiorito, donde muri\u00f3 poco despu\u00e9s, como consecuencia de las heridas de bala.<\/p>\n<p>Los primeros efectivos de la Polic\u00eda bonaerense que llegaron al lugar del hecho, constataron que en el interior del auto de la v\u00edctima, un Volkswagen Gol, estaba su pistola reglamentaria y otras pertenencias, por lo que descartaron el robo como m\u00f3vil.<\/p>\n","protected":false},"excerpt":{"rendered":"<p>Los investigadores descartaron que se haya tratado de un robo ya que constataron que en el interior del auto de la v\u00edctima estaba su pistola reglamentaria y otras pertenencias. El hecho se registr\u00f3 en la calle Vicente L\u00f3pez al 2200, casi Hern\u00e1n Cortez, donde este oficial 2do., de 45 a\u00f1os, fue atacado a tiros aparentemente&hellip;<\/p>\n","protected":false},"author":1,"featured_media":0,"comment_status":"open","ping_status":"open","sticky":false,"template":"","format":"standard","meta":{"footnotes":""},"categories":[22],"tags":[363,461,3826,4018,1526],"class_list":["post-8185","post","type-post","status-publish","format-standard","hentry","category-policiales","tag-asesinato","tag-avellaneda","tag-hospital-pedro-fiorito","tag-oficial","tag-prefectura-naval-argentina"],"_links":{"self":[{"href":"https:\/\/www.elsindical.com.ar\/notas\/wp-json\/wp\/v2\/posts\/8185","targetHints":{"allow":["GET"]}}],"collection":[{"href":"https:\/\/www.elsindical.com.ar\/notas\/wp-json\/wp\/v2\/posts"}],"about":[{"href":"https:\/\/www.elsindical.com.ar\/notas\/wp-json\/wp\/v2\/types\/post"}],"author":[{"embeddable":true,"href":"https:\/\/www.elsindical.com.ar\/notas\/wp-json\/wp\/v2\/users\/1"}],"replies":[{"embeddable":true,"href":"https:\/\/www.elsindical.com.ar\/notas\/wp-json\/wp\/v2\/comments?post=8185"}],"version-history":[{"count":1,"href":"https:\/\/www.elsindical.com.ar\/notas\/wp-json\/wp\/v2\/posts\/8185\/revisions"}],"predecessor-version":[{"id":8187,"href":"https:\/\/www.elsindical.com.ar\/notas\/wp-json\/wp\/v2\/posts\/8185\/revisions\/8187"}],"wp:attachment":[{"href":"https:\/\/www.elsindical.com.ar\/notas\/wp-json\/wp\/v2\/media?parent=8185"}],"wp:term":[{"taxonomy":"category","embeddable":true,"href":"https:\/\/www.elsindical.com.ar\/notas\/wp-json\/wp\/v2\/categories?post=8185"},{"taxonomy":"post_tag","embeddable":true,"href":"https:\/\/www.elsindical.com.ar\/notas\/wp-json\/wp\/v2\/tags?post=8185"}],"curies":[{"name":"wp","href":"https:\/\/api.w.org\/{rel}","templated":true}]}}