{"id":8178,"date":"2010-07-30T00:29:33","date_gmt":"2010-07-30T03:29:33","guid":{"rendered":"http:\/\/www.elsindical.com.ar\/notas\/?p=8178"},"modified":"2010-07-30T00:29:33","modified_gmt":"2010-07-30T03:29:33","slug":"efemeridesdel-dia-30-de-julio","status":"publish","type":"post","link":"https:\/\/www.elsindical.com.ar\/notas\/efemeridesdel-dia-30-de-julio\/","title":{"rendered":"EFEM\u00c9RIDES:DEL D\u00cdA 30 DE JULIO"},"content":{"rendered":"<p style=\"text-align: justify;\"><a href=\"http:\/\/www.elsindical.com.ar\/notas\/var\/www\/html\/notas\/wp-content\/uploads\/2010\/07\/Palacio-de-la-Paz-La-Haya.jpg\"><img loading=\"lazy\" decoding=\"async\" class=\"alignleft size-medium wp-image-8179\" title=\"Palacio-de-la-Paz-La-Haya\" src=\"http:\/\/www.elsindical.com.ar\/notas\/var\/www\/html\/notas\/wp-content\/uploads\/2010\/07\/Palacio-de-la-Paz-La-Haya-300x199.jpg\" alt=\"\" width=\"300\" height=\"199\" srcset=\"https:\/\/www.elsindical.com.ar\/notas\/var\/www\/html\/notas\/wp-content\/uploads\/2010\/07\/Palacio-de-la-Paz-La-Haya-300x199.jpg 300w, https:\/\/www.elsindical.com.ar\/notas\/var\/www\/html\/notas\/wp-content\/uploads\/2010\/07\/Palacio-de-la-Paz-La-Haya.jpg 397w\" sizes=\"auto, (max-width: 300px) 100vw, 300px\" \/><\/a>En un 30 de julio pero de 1907, hace un siglo, se coloca la primera piedra del Palacio de la Paz, en La Haya, sede del Tribunal Internacional de Justicia, cuya construcci\u00f3n fue financiada por el millonario estadounidense Andrew Carnegie.<\/p>\n<p style=\"text-align: justify;\">1863- Nace Henry Ford, fabricante de autom\u00f3viles estadounidense.<\/p>\n<p style=\"text-align: justify;\">1887- Concluyen los trabajos de cimentaci\u00f3n de la parisina torre Eiffel.<\/p>\n<p style=\"text-align: justify;\">1913- Se proh\u00edben los juegos de azar en Espa\u00f1a.<\/p>\n<p style=\"text-align: justify;\">1920- Tropas chilenas invaden el sur de Per\u00fa en el conflicto entre ambos pa\u00edses por la posesi\u00f3n de Tacna y Arica.<\/p>\n<p style=\"text-align: justify;\">1921- El suizo Durafour aterriza en el Mont Blanc con un avi\u00f3n sin patines.<\/p>\n<p style=\"text-align: justify;\">1931- Nace Dominique Lapierre, escritor y periodista franc\u00e9s.<\/p>\n<p style=\"text-align: justify;\">1947- Nace Arnold Schwarzenegger, actor estadounidense.<\/p>\n<p style=\"text-align: justify;\">1965- Estado de sitio en Honduras tras las manifestaciones desarrolladas ante el palacio presidencial.<\/p>\n<p style=\"text-align: justify;\">1967- Un terremoto de 6,5 grados en la escala de Richter causa 80 muertos en Venezuela.<\/p>\n<p style=\"text-align: justify;\">1968- La erupci\u00f3n del volc\u00e1n Arenal en Costa Rica ocasiona 70 muertos y 90 desaparecidos.<\/p>\n<p style=\"text-align: justify;\">1976- Acuerdo de alto el fuego entre Honduras y El Salvador.<\/p>\n<p style=\"text-align: justify;\">1976- El Rey Juan Carlos I decreta una amnist\u00eda para los delitos pol\u00edticos y de opini\u00f3n en Espa\u00f1a.<\/p>\n<p style=\"text-align: justify;\">1982- Ricardo de la Espriella sustituye a Ar\u00edstides Royo en la Presidencia de Panam\u00e1.<\/p>\n<p style=\"text-align: justify;\">1983- Entra en vigor en Espa\u00f1a la ley de las 40 horas semanales de trabajo y 30 d\u00edas de vacaciones al a\u00f1o.<\/p>\n<p style=\"text-align: justify;\">1987- Se estrella un avi\u00f3n a las afueras de M\u00e9xico: 58 muertos y m\u00e1s de 60 heridos.<\/p>\n<p style=\"text-align: justify;\">1997- Dos bombas accionadas por activistas suicidas de Ham\u00e1s en un mercado de Jerusal\u00e9n dejan 15 muertos y 170 heridos.<\/p>\n<p style=\"text-align: justify;\">1999- Dirigentes de treinta naciones aprueban en la capital bosnia la Declaraci\u00f3n de Sarajevo, que incluye el Pacto de Estabilidad para los Balcanes, iniciativa de UE para crear las condiciones pol\u00edtico-econ\u00f3micas necesarias para evitar conflictos.<\/p>\n<p style=\"text-align: justify;\">2000- Hugo Ch\u00e1vez, reelegido presidente de Venezuela (59,05% votos), frente al opositor Francisco Arias (38,04%).<\/p>\n<p style=\"text-align: justify;\">2001- La Corte Suprema de Chile aprueba interrogar al ex secretario de Estado de EEUU, Henry Kissinger sobre la muerte del periodista estadounidense Charles Horman en Chile en 1973.<\/p>\n<p style=\"text-align: justify;\">2002- Los presidentes de la Rep\u00fablica Democr\u00e1tica del Congo y Ruanda firman en Pretoria un acuerdo de paz que pone fin a cuatro a\u00f1os de guerra, con un balance de dos millones y medio de muertos.<\/p>\n<p style=\"text-align: justify;\">2006- La aviaci\u00f3n israel\u00ed bombardea un edificio en la ciudad libanesa de Qana, al sur del L\u00edbano, y mata a unas 60 personas.<\/p>\n<p style=\"text-align: justify;\">2002- El Gobierno de Uruguay decreta el cierre de los bancos durante 24 horas en un intento de evitar la fuga masiva de capitales.<\/p>\n<p style=\"text-align: justify;\">2003- Muere Carlos Lemos Simmonds, escritor y pol\u00edtico colombiano.<\/p>\n<p style=\"text-align: justify;\">2003- El \u00faltimo Volkswagen \u00abescarabajo\u00bb sale de la l\u00ednea de montaje de VW en Puebla, M\u00e9xico.<\/p>\n","protected":false},"excerpt":{"rendered":"<p>En un 30 de julio pero de 1907, hace un siglo, se coloca la primera piedra del Palacio de la Paz, en La Haya, sede del Tribunal Internacional de Justicia, cuya construcci\u00f3n fue financiada por el millonario estadounidense Andrew Carnegie. 1863- Nace Henry Ford, fabricante de autom\u00f3viles estadounidense. 1887- Concluyen los trabajos de cimentaci\u00f3n de&hellip;<\/p>\n","protected":false},"author":1,"featured_media":0,"comment_status":"open","ping_status":"open","sticky":false,"template":"","format":"standard","meta":{"footnotes":""},"categories":[14],"tags":[],"class_list":["post-8178","post","type-post","status-publish","format-standard","hentry","category-efemerides"],"_links":{"self":[{"href":"https:\/\/www.elsindical.com.ar\/notas\/wp-json\/wp\/v2\/posts\/8178","targetHints":{"allow":["GET"]}}],"collection":[{"href":"https:\/\/www.elsindical.com.ar\/notas\/wp-json\/wp\/v2\/posts"}],"about":[{"href":"https:\/\/www.elsindical.com.ar\/notas\/wp-json\/wp\/v2\/types\/post"}],"author":[{"embeddable":true,"href":"https:\/\/www.elsindical.com.ar\/notas\/wp-json\/wp\/v2\/users\/1"}],"replies":[{"embeddable":true,"href":"https:\/\/www.elsindical.com.ar\/notas\/wp-json\/wp\/v2\/comments?post=8178"}],"version-history":[{"count":1,"href":"https:\/\/www.elsindical.com.ar\/notas\/wp-json\/wp\/v2\/posts\/8178\/revisions"}],"predecessor-version":[{"id":8180,"href":"https:\/\/www.elsindical.com.ar\/notas\/wp-json\/wp\/v2\/posts\/8178\/revisions\/8180"}],"wp:attachment":[{"href":"https:\/\/www.elsindical.com.ar\/notas\/wp-json\/wp\/v2\/media?parent=8178"}],"wp:term":[{"taxonomy":"category","embeddable":true,"href":"https:\/\/www.elsindical.com.ar\/notas\/wp-json\/wp\/v2\/categories?post=8178"},{"taxonomy":"post_tag","embeddable":true,"href":"https:\/\/www.elsindical.com.ar\/notas\/wp-json\/wp\/v2\/tags?post=8178"}],"curies":[{"name":"wp","href":"https:\/\/api.w.org\/{rel}","templated":true}]}}