{"id":81674,"date":"2018-10-08T11:36:49","date_gmt":"2018-10-08T14:36:49","guid":{"rendered":"http:\/\/www.elsindical.com.ar\/notas\/?p=81674"},"modified":"2018-10-08T11:36:49","modified_gmt":"2018-10-08T14:36:49","slug":"hurlingham-detienen-a-dos-adolescentes-por-el-joven-asesinado-a-balazos","status":"publish","type":"post","link":"https:\/\/www.elsindical.com.ar\/notas\/hurlingham-detienen-a-dos-adolescentes-por-el-joven-asesinado-a-balazos\/","title":{"rendered":"Hurlingham: detienen a dos adolescentes por el joven asesinado a balazos"},"content":{"rendered":"<p><em>\u00a0 <a href=\"http:\/\/www.elsindical.com.ar\/notas\/var\/www\/html\/notas\/wp-content\/uploads\/2018\/10\/auto-robado-en-Hurlingham.jpg\"><img loading=\"lazy\" decoding=\"async\" class=\"alignnone size-medium wp-image-81675\" src=\"http:\/\/www.elsindical.com.ar\/notas\/var\/www\/html\/notas\/wp-content\/uploads\/2018\/10\/auto-robado-en-Hurlingham-300x169.jpg\" alt=\"\" width=\"300\" height=\"169\" srcset=\"https:\/\/www.elsindical.com.ar\/notas\/var\/www\/html\/notas\/wp-content\/uploads\/2018\/10\/auto-robado-en-Hurlingham-300x169.jpg 300w, https:\/\/www.elsindical.com.ar\/notas\/var\/www\/html\/notas\/wp-content\/uploads\/2018\/10\/auto-robado-en-Hurlingham-768x432.jpg 768w, https:\/\/www.elsindical.com.ar\/notas\/var\/www\/html\/notas\/wp-content\/uploads\/2018\/10\/auto-robado-en-Hurlingham-500x281.jpg 500w, https:\/\/www.elsindical.com.ar\/notas\/var\/www\/html\/notas\/wp-content\/uploads\/2018\/10\/auto-robado-en-Hurlingham-460x260.jpg 460w, https:\/\/www.elsindical.com.ar\/notas\/var\/www\/html\/notas\/wp-content\/uploads\/2018\/10\/auto-robado-en-Hurlingham.jpg 970w\" sizes=\"auto, (max-width: 300px) 100vw, 300px\" \/><\/a>La v\u00edctima, que intent\u00f3 resistirse al robo, fue identificada como Jonathan Rico; los delincuentes, de 16 y 17 a\u00f1os fueron apresados<\/em><\/p>\n<p>Un joven intent\u00f3 resistirse al robo de su auto y fue asesinado a balazos en la localidad bonaerense de Hurlingham, por el que, horas despu\u00e9s, fueron detenidos dos adolescentes de 16 y 17 a\u00f1os, uno de ellos herido.<\/p>\n<p>Fuentes policiales informaron que el fatal episodio ocurri\u00f3 en las \u00faltimas horas en Acasusso al 2500, de esa localidad del oeste del Gran Buenos Aires.<\/p>\n<p>Rico habr\u00eda intentado resistirse al asalto, por lo que forceje\u00f3 con los ladrones, quienes le pegaron 2 tiros. La gravedad de las heridas, una en el pecho y otra en el abdomen, y la demora de la ambulancia, se combinaron para que el desenlace fuera fatal. La v\u00edctima muri\u00f3 poco despu\u00e9s de llegar al Hospital San Bernardino.<\/p>\n<p>Los homicidas, de 16 y 17 a\u00f1os, escaparon en el coche de la v\u00edctima, aunque m\u00e1s tarde, tras un tiroteo, fueron detenidos, uno de ellos herido. \u00abEscuch\u00e9 dos tiros y despu\u00e9s los gritos. Lo tiraron agonizando a la calle\u00bb\u00bb, cont\u00f3 un vecino, que fue testigo del crimen.<\/p>\n","protected":false},"excerpt":{"rendered":"<p>\u00a0 La v\u00edctima, que intent\u00f3 resistirse al robo, fue identificada como Jonathan Rico; los delincuentes, de 16 y 17 a\u00f1os fueron apresados Un joven intent\u00f3 resistirse al robo de su auto y fue asesinado a balazos en la localidad bonaerense de Hurlingham, por el que, horas despu\u00e9s, fueron detenidos dos adolescentes de 16 y 17&hellip;<\/p>\n","protected":false},"author":1,"featured_media":81675,"comment_status":"open","ping_status":"open","sticky":false,"template":"","format":"standard","meta":{"footnotes":""},"categories":[22],"tags":[13851,1964,1097,252,116],"class_list":["post-81674","post","type-post","status-publish","format-standard","has-post-thumbnail","hentry","category-policiales","tag-acribillado","tag-asesinos","tag-hurlingham","tag-menores","tag-robo"],"_links":{"self":[{"href":"https:\/\/www.elsindical.com.ar\/notas\/wp-json\/wp\/v2\/posts\/81674","targetHints":{"allow":["GET"]}}],"collection":[{"href":"https:\/\/www.elsindical.com.ar\/notas\/wp-json\/wp\/v2\/posts"}],"about":[{"href":"https:\/\/www.elsindical.com.ar\/notas\/wp-json\/wp\/v2\/types\/post"}],"author":[{"embeddable":true,"href":"https:\/\/www.elsindical.com.ar\/notas\/wp-json\/wp\/v2\/users\/1"}],"replies":[{"embeddable":true,"href":"https:\/\/www.elsindical.com.ar\/notas\/wp-json\/wp\/v2\/comments?post=81674"}],"version-history":[{"count":1,"href":"https:\/\/www.elsindical.com.ar\/notas\/wp-json\/wp\/v2\/posts\/81674\/revisions"}],"predecessor-version":[{"id":81676,"href":"https:\/\/www.elsindical.com.ar\/notas\/wp-json\/wp\/v2\/posts\/81674\/revisions\/81676"}],"wp:featuredmedia":[{"embeddable":true,"href":"https:\/\/www.elsindical.com.ar\/notas\/wp-json\/wp\/v2\/media\/81675"}],"wp:attachment":[{"href":"https:\/\/www.elsindical.com.ar\/notas\/wp-json\/wp\/v2\/media?parent=81674"}],"wp:term":[{"taxonomy":"category","embeddable":true,"href":"https:\/\/www.elsindical.com.ar\/notas\/wp-json\/wp\/v2\/categories?post=81674"},{"taxonomy":"post_tag","embeddable":true,"href":"https:\/\/www.elsindical.com.ar\/notas\/wp-json\/wp\/v2\/tags?post=81674"}],"curies":[{"name":"wp","href":"https:\/\/api.w.org\/{rel}","templated":true}]}}