{"id":81627,"date":"2018-10-06T12:28:05","date_gmt":"2018-10-06T15:28:05","guid":{"rendered":"http:\/\/www.elsindical.com.ar\/notas\/?p=81627"},"modified":"2018-10-06T12:28:05","modified_gmt":"2018-10-06T15:28:05","slug":"cayo-la-banda-de-el-sapo-vendia-cocaina-y-paco-en-lomas-y-lanus","status":"publish","type":"post","link":"https:\/\/www.elsindical.com.ar\/notas\/cayo-la-banda-de-el-sapo-vendia-cocaina-y-paco-en-lomas-y-lanus\/","title":{"rendered":"Cay\u00f3 la banda de \u201cEl Sapo\u201d: vend\u00eda coca\u00edna y paco en Lomas y Lan\u00fas"},"content":{"rendered":"<p><em><a href=\"http:\/\/www.elsindical.com.ar\/notas\/var\/www\/html\/notas\/wp-content\/uploads\/2018\/10\/el-sapo.jpeg\"><img loading=\"lazy\" decoding=\"async\" class=\"alignnone size-medium wp-image-81628\" src=\"http:\/\/www.elsindical.com.ar\/notas\/var\/www\/html\/notas\/wp-content\/uploads\/2018\/10\/el-sapo-300x203.jpeg\" alt=\"\" width=\"300\" height=\"203\" srcset=\"https:\/\/www.elsindical.com.ar\/notas\/var\/www\/html\/notas\/wp-content\/uploads\/2018\/10\/el-sapo-300x203.jpeg 300w, https:\/\/www.elsindical.com.ar\/notas\/var\/www\/html\/notas\/wp-content\/uploads\/2018\/10\/el-sapo-443x300.jpeg 443w, https:\/\/www.elsindical.com.ar\/notas\/var\/www\/html\/notas\/wp-content\/uploads\/2018\/10\/el-sapo.jpeg 640w\" sizes=\"auto, (max-width: 300px) 100vw, 300px\" \/><\/a>\u00a0 \u00a0Un narcotraficante apodado \u201cEl Sapo\u201d y cuatro c\u00f3mplices fueron detenidos este viernes, acusados de comercializar estupefacientes en las zonas de Lan\u00fas y Lomas de Zamora, inform\u00f3 la polic\u00eda bonaerense.<\/em><\/p>\n<p>El jefe de la banda ten\u00eda las capacidades motrices limitadas a ra\u00edz de su sobrepreso, por lo que daba las \u00f3rdenes desde su cama y para realizar la venta de las drogas utilizaba un almac\u00e9n como pantalla, a\u00f1adieron los informantes.<\/p>\n<p>Tras comprobar que en el local se vend\u00edan estupefacientes y que se trataba de una red de narcotraficantes, personal perteneciente a la Superintendencia de Investigaciones del Tr\u00e1fico de Drogas Il\u00edcitas y Crimen Organizado, de la delegaci\u00f3n Avellaneda Lan\u00fas, allan\u00f3 ocho domicilios de la regi\u00f3n y arrest\u00f3 a cinco personas, entre los que estaba el l\u00edder de la banda.<\/p>\n<p>Adem\u00e1s, se secuestraron m\u00e1s de 100 dosis de coca\u00edna y alrededor de 200 de paco preparadas para su venta, dinero en efectivo, una carabina calibre 22, siete tel\u00e9fonos celulares y cuadernos con anotaciones relacionadas a la venta de droga, a\u00f1adieron los informantes.<\/p>\n","protected":false},"excerpt":{"rendered":"<p>\u00a0 \u00a0Un narcotraficante apodado \u201cEl Sapo\u201d y cuatro c\u00f3mplices fueron detenidos este viernes, acusados de comercializar estupefacientes en las zonas de Lan\u00fas y Lomas de Zamora, inform\u00f3 la polic\u00eda bonaerense. El jefe de la banda ten\u00eda las capacidades motrices limitadas a ra\u00edz de su sobrepreso, por lo que daba las \u00f3rdenes desde su cama y&hellip;<\/p>\n","protected":false},"author":1,"featured_media":81628,"comment_status":"open","ping_status":"open","sticky":false,"template":"","format":"standard","meta":{"footnotes":""},"categories":[22],"tags":[997,382,29646,209,744,4432],"class_list":["post-81627","post","type-post","status-publish","format-standard","has-post-thumbnail","hentry","category-policiales","tag-banda","tag-drogas","tag-el-sapo","tag-lanus","tag-lomas-de-zamora","tag-narco"],"_links":{"self":[{"href":"https:\/\/www.elsindical.com.ar\/notas\/wp-json\/wp\/v2\/posts\/81627","targetHints":{"allow":["GET"]}}],"collection":[{"href":"https:\/\/www.elsindical.com.ar\/notas\/wp-json\/wp\/v2\/posts"}],"about":[{"href":"https:\/\/www.elsindical.com.ar\/notas\/wp-json\/wp\/v2\/types\/post"}],"author":[{"embeddable":true,"href":"https:\/\/www.elsindical.com.ar\/notas\/wp-json\/wp\/v2\/users\/1"}],"replies":[{"embeddable":true,"href":"https:\/\/www.elsindical.com.ar\/notas\/wp-json\/wp\/v2\/comments?post=81627"}],"version-history":[{"count":1,"href":"https:\/\/www.elsindical.com.ar\/notas\/wp-json\/wp\/v2\/posts\/81627\/revisions"}],"predecessor-version":[{"id":81629,"href":"https:\/\/www.elsindical.com.ar\/notas\/wp-json\/wp\/v2\/posts\/81627\/revisions\/81629"}],"wp:featuredmedia":[{"embeddable":true,"href":"https:\/\/www.elsindical.com.ar\/notas\/wp-json\/wp\/v2\/media\/81628"}],"wp:attachment":[{"href":"https:\/\/www.elsindical.com.ar\/notas\/wp-json\/wp\/v2\/media?parent=81627"}],"wp:term":[{"taxonomy":"category","embeddable":true,"href":"https:\/\/www.elsindical.com.ar\/notas\/wp-json\/wp\/v2\/categories?post=81627"},{"taxonomy":"post_tag","embeddable":true,"href":"https:\/\/www.elsindical.com.ar\/notas\/wp-json\/wp\/v2\/tags?post=81627"}],"curies":[{"name":"wp","href":"https:\/\/api.w.org\/{rel}","templated":true}]}}