{"id":81535,"date":"2018-10-02T10:00:35","date_gmt":"2018-10-02T13:00:35","guid":{"rendered":"http:\/\/www.elsindical.com.ar\/notas\/?p=81535"},"modified":"2018-10-02T10:00:35","modified_gmt":"2018-10-02T13:00:35","slug":"partidarios-de-muerza-ocuparon-el-sindicato-de-comercio-para-denunciar-que-cavalieri-quiere-robarles-la-eleccion","status":"publish","type":"post","link":"https:\/\/www.elsindical.com.ar\/notas\/partidarios-de-muerza-ocuparon-el-sindicato-de-comercio-para-denunciar-que-cavalieri-quiere-robarles-la-eleccion\/","title":{"rendered":"Partidarios de Muerza ocuparon el Sindicato de Comercio para denunciar que Cavalieri quiere robarles la elecci\u00f3n"},"content":{"rendered":"<p><em>\u00a0 \u00a0 <a href=\"http:\/\/www.elsindical.com.ar\/notas\/var\/www\/html\/notas\/wp-content\/uploads\/2018\/10\/sindicato-de-comercio-ocupado.jpg\"><img loading=\"lazy\" decoding=\"async\" class=\"alignnone size-medium wp-image-81536\" src=\"http:\/\/www.elsindical.com.ar\/notas\/var\/www\/html\/notas\/wp-content\/uploads\/2018\/10\/sindicato-de-comercio-ocupado-300x158.jpg\" alt=\"\" width=\"300\" height=\"158\" srcset=\"https:\/\/www.elsindical.com.ar\/notas\/var\/www\/html\/notas\/wp-content\/uploads\/2018\/10\/sindicato-de-comercio-ocupado-300x158.jpg 300w, https:\/\/www.elsindical.com.ar\/notas\/var\/www\/html\/notas\/wp-content\/uploads\/2018\/10\/sindicato-de-comercio-ocupado-500x264.jpg 500w, https:\/\/www.elsindical.com.ar\/notas\/var\/www\/html\/notas\/wp-content\/uploads\/2018\/10\/sindicato-de-comercio-ocupado.jpg 644w\" sizes=\"auto, (max-width: 300px) 100vw, 300px\" \/><\/a>Militantes de la Lista Granate ocuparon las oficinas del gremio y denunciaron que Cavalieri quiere robarles la elecci\u00f3n. \u201cGanamos por 208 votos y vamos a defender eso\u201d, dijo Ram\u00f3n Muerza.<\/em><\/p>\n<p>En las oficinas que posee el Sindicato de Empleados de Comercio (SEC) en la calle Moreno se vivieron ayer momentos de desconcierto. Es que mientras el oficialismo de Armando Cavalieri se aprestaba a festejar, una importante cantidad de partidarios de Ram\u00f3n Muerza ocup\u00f3 pac\u00edficamente las instalaciones y protest\u00f3 en la puerta.<\/p>\n<p>Concretamente piden que se reconozcan los resultados del pasado viernes donde, sostienen, la Lista Granate se impuso por 208 votos sobre la lista Azul que lideraba Cavalieri.<\/p>\n<p>La cuenta que hizo el oficialismo, y que difundi\u00f3 por todos los medios el s\u00e1bado a primera hora, habla de una diferencia de 400 sufragios en favor de Cavalieri.<\/p>\n<p>\u201cGanamos por 208 votos y vamos a defender eso\u201d, se\u00f1al\u00f3 ayer el propio Muerza en declaraciones a Radio Caput. \u201cNo vamos a dejar que le roben a los trabajadores\u201d, explic\u00f3 el opositor y habl\u00f3 de un clima de algarab\u00eda entre sus militantes por el triunfo que hab\u00edan logrado.<\/p>\n<p>Seg\u00fan cont\u00f3 el dirigente \u201cen su momento est\u00e1bamos ganando muy ampliamente y empezaron a aparecer votos de urnas que fueron agregadas. Por eso el oficialismo dice que gana por 400. Pero eso est\u00e1 todo impugnado\u201d.<\/p>\n","protected":false},"excerpt":{"rendered":"<p>\u00a0 \u00a0 Militantes de la Lista Granate ocuparon las oficinas del gremio y denunciaron que Cavalieri quiere robarles la elecci\u00f3n. \u201cGanamos por 208 votos y vamos a defender eso\u201d, dijo Ram\u00f3n Muerza. En las oficinas que posee el Sindicato de Empleados de Comercio (SEC) en la calle Moreno se vivieron ayer momentos de desconcierto. Es&hellip;<\/p>\n","protected":false},"author":1,"featured_media":81536,"comment_status":"open","ping_status":"open","sticky":false,"template":"","format":"standard","meta":{"footnotes":""},"categories":[16],"tags":[20474,244,7694,7022],"class_list":["post-81535","post","type-post","status-publish","format-standard","has-post-thumbnail","hentry","category-gremiales","tag-cavalieri","tag-elecciones","tag-muerza","tag-sec"],"_links":{"self":[{"href":"https:\/\/www.elsindical.com.ar\/notas\/wp-json\/wp\/v2\/posts\/81535","targetHints":{"allow":["GET"]}}],"collection":[{"href":"https:\/\/www.elsindical.com.ar\/notas\/wp-json\/wp\/v2\/posts"}],"about":[{"href":"https:\/\/www.elsindical.com.ar\/notas\/wp-json\/wp\/v2\/types\/post"}],"author":[{"embeddable":true,"href":"https:\/\/www.elsindical.com.ar\/notas\/wp-json\/wp\/v2\/users\/1"}],"replies":[{"embeddable":true,"href":"https:\/\/www.elsindical.com.ar\/notas\/wp-json\/wp\/v2\/comments?post=81535"}],"version-history":[{"count":1,"href":"https:\/\/www.elsindical.com.ar\/notas\/wp-json\/wp\/v2\/posts\/81535\/revisions"}],"predecessor-version":[{"id":81537,"href":"https:\/\/www.elsindical.com.ar\/notas\/wp-json\/wp\/v2\/posts\/81535\/revisions\/81537"}],"wp:featuredmedia":[{"embeddable":true,"href":"https:\/\/www.elsindical.com.ar\/notas\/wp-json\/wp\/v2\/media\/81536"}],"wp:attachment":[{"href":"https:\/\/www.elsindical.com.ar\/notas\/wp-json\/wp\/v2\/media?parent=81535"}],"wp:term":[{"taxonomy":"category","embeddable":true,"href":"https:\/\/www.elsindical.com.ar\/notas\/wp-json\/wp\/v2\/categories?post=81535"},{"taxonomy":"post_tag","embeddable":true,"href":"https:\/\/www.elsindical.com.ar\/notas\/wp-json\/wp\/v2\/tags?post=81535"}],"curies":[{"name":"wp","href":"https:\/\/api.w.org\/{rel}","templated":true}]}}