{"id":81521,"date":"2018-10-01T11:19:42","date_gmt":"2018-10-01T14:19:42","guid":{"rendered":"http:\/\/www.elsindical.com.ar\/notas\/?p=81521"},"modified":"2018-10-01T11:19:42","modified_gmt":"2018-10-01T14:19:42","slug":"hay-un-gran-recorte-de-personal-y-programas-sanitarios-advierte-cicop","status":"publish","type":"post","link":"https:\/\/www.elsindical.com.ar\/notas\/hay-un-gran-recorte-de-personal-y-programas-sanitarios-advierte-cicop\/","title":{"rendered":"\u201cHay un gran recorte de personal y programas sanitarios\u201d advierte CICOP"},"content":{"rendered":"<p><em><a href=\"http:\/\/www.elsindical.com.ar\/notas\/var\/www\/html\/notas\/wp-content\/uploads\/2018\/10\/CICOP-protesta.jpg\"><img loading=\"lazy\" decoding=\"async\" class=\"alignnone size-medium wp-image-81522\" src=\"http:\/\/www.elsindical.com.ar\/notas\/var\/www\/html\/notas\/wp-content\/uploads\/2018\/10\/CICOP-protesta-300x169.jpg\" alt=\"\" width=\"300\" height=\"169\" srcset=\"https:\/\/www.elsindical.com.ar\/notas\/var\/www\/html\/notas\/wp-content\/uploads\/2018\/10\/CICOP-protesta-300x169.jpg 300w, https:\/\/www.elsindical.com.ar\/notas\/var\/www\/html\/notas\/wp-content\/uploads\/2018\/10\/CICOP-protesta-768x432.jpg 768w, https:\/\/www.elsindical.com.ar\/notas\/var\/www\/html\/notas\/wp-content\/uploads\/2018\/10\/CICOP-protesta-1024x576.jpg 1024w, https:\/\/www.elsindical.com.ar\/notas\/var\/www\/html\/notas\/wp-content\/uploads\/2018\/10\/CICOP-protesta-500x281.jpg 500w, https:\/\/www.elsindical.com.ar\/notas\/var\/www\/html\/notas\/wp-content\/uploads\/2018\/10\/CICOP-protesta-460x260.jpg 460w, https:\/\/www.elsindical.com.ar\/notas\/var\/www\/html\/notas\/wp-content\/uploads\/2018\/10\/CICOP-protesta.jpg 1200w\" sizes=\"auto, (max-width: 300px) 100vw, 300px\" \/><\/a>\u00a0 \u00a0El gremio participar\u00e1 de la Marcha Federal en Defensa de la Salud P\u00fablica. Paran el 3 y el 4 de octubre.<\/em><\/p>\n<p>El secretario general de la Asociaci\u00f3n de Profesionales de la Salud de la Provincia de Buenos Aires (CICOP), Guillermo Pacagnini, alert\u00f3 que \u201chay un gran recorte en personal y programas sanitarios\u201d y cuestion\u00f3 la degradaci\u00f3n de Ministerio a Secretar\u00eda de la cartera de Salud.<\/p>\n<p>Es por este motivo que convocan a \u201ctodos los ciudadanos y espacios pol\u00edticos y sociales\u201d a participar de la Marcha Federal en Defensa de la Salud P\u00fablica, que se realizar\u00e1 el 4 de octubre. La marcha central ser\u00e1 a las 13, desde el ex Ministerio de Salud a Plaza de Mayo, pero va a tener r\u00e9plicas simult\u00e1neas en casi todas las provincia del pa\u00eds.<\/p>\n<p>\u201cEs muy importante el arco de sindicatos y colectivos de salud por la diversidad pol\u00edtica e ideol\u00f3gica. Participan m\u00e1s de 200 organizaciones con una gran coincidencia en el rechazo al ajuste en salud\u201d, se\u00f1al\u00f3 en di\u00e1logo el secretario general de CICOP.<\/p>\n<p>Adem\u00e1s, indic\u00f3 que realizar\u00e1n un paro el 3, en la antesala a la movilizaci\u00f3n, para \u201crealizar asambleas y reuniones en los hospitales y centros de salud para discutir la continuidad del plan de lucha\u201d. Desde el gremio que nuclea a los profesionales de la salud exigen \u201cde forma urgente\u201d ser convocados a negociar paritarias y rechazan la \u201cpersecuci\u00f3n\u201d a las organizaciones gremiales.<br \/>\nParo general<\/p>\n<p>Consultado sobre el paro general llevado adelante por la CGT y las CTA, Paganini afirm\u00f3 que, a pesar del \u201cdesprestigio y la fragmentaci\u00f3n de las conducciones gremiales\u201d, la medida \u201cfue contundente\u201d. \u201cRefleja el rechazo muy mayoritario acuerdo con el Fondo Monetario Internacional (FMI), al plan de ajuste general que est\u00e1 llevando adelante el Gobierno, el endeudamiento y el empobrecimiento general\u201d, apunt\u00f3.<\/p>\n<p>Y sentenci\u00f3: \u201cDemandamos que el plan de fuerza no se frene y tenga continuidad, esperamos que no haya sido solo una medida aislada\u201d.<\/p>\n","protected":false},"excerpt":{"rendered":"<p>\u00a0 \u00a0El gremio participar\u00e1 de la Marcha Federal en Defensa de la Salud P\u00fablica. Paran el 3 y el 4 de octubre. El secretario general de la Asociaci\u00f3n de Profesionales de la Salud de la Provincia de Buenos Aires (CICOP), Guillermo Pacagnini, alert\u00f3 que \u201chay un gran recorte en personal y programas sanitarios\u201d y cuestion\u00f3&hellip;<\/p>\n","protected":false},"author":1,"featured_media":81522,"comment_status":"open","ping_status":"open","sticky":false,"template":"","format":"standard","meta":{"footnotes":""},"categories":[16],"tags":[910,29619,184,6925,10696],"class_list":["post-81521","post","type-post","status-publish","format-standard","has-post-thumbnail","hentry","category-gremiales","tag-cgt","tag-cicop-marcha-federal","tag-cta","tag-fmi","tag-salud-publica"],"_links":{"self":[{"href":"https:\/\/www.elsindical.com.ar\/notas\/wp-json\/wp\/v2\/posts\/81521","targetHints":{"allow":["GET"]}}],"collection":[{"href":"https:\/\/www.elsindical.com.ar\/notas\/wp-json\/wp\/v2\/posts"}],"about":[{"href":"https:\/\/www.elsindical.com.ar\/notas\/wp-json\/wp\/v2\/types\/post"}],"author":[{"embeddable":true,"href":"https:\/\/www.elsindical.com.ar\/notas\/wp-json\/wp\/v2\/users\/1"}],"replies":[{"embeddable":true,"href":"https:\/\/www.elsindical.com.ar\/notas\/wp-json\/wp\/v2\/comments?post=81521"}],"version-history":[{"count":1,"href":"https:\/\/www.elsindical.com.ar\/notas\/wp-json\/wp\/v2\/posts\/81521\/revisions"}],"predecessor-version":[{"id":81523,"href":"https:\/\/www.elsindical.com.ar\/notas\/wp-json\/wp\/v2\/posts\/81521\/revisions\/81523"}],"wp:featuredmedia":[{"embeddable":true,"href":"https:\/\/www.elsindical.com.ar\/notas\/wp-json\/wp\/v2\/media\/81522"}],"wp:attachment":[{"href":"https:\/\/www.elsindical.com.ar\/notas\/wp-json\/wp\/v2\/media?parent=81521"}],"wp:term":[{"taxonomy":"category","embeddable":true,"href":"https:\/\/www.elsindical.com.ar\/notas\/wp-json\/wp\/v2\/categories?post=81521"},{"taxonomy":"post_tag","embeddable":true,"href":"https:\/\/www.elsindical.com.ar\/notas\/wp-json\/wp\/v2\/tags?post=81521"}],"curies":[{"name":"wp","href":"https:\/\/api.w.org\/{rel}","templated":true}]}}