{"id":81491,"date":"2018-09-30T12:09:02","date_gmt":"2018-09-30T15:09:02","guid":{"rendered":"http:\/\/www.elsindical.com.ar\/notas\/?p=81491"},"modified":"2018-09-30T12:40:47","modified_gmt":"2018-09-30T15:40:47","slug":"prefecto-discutio-con-otro-conductor-en-la-autopista-illia-y-lo-mato-a-balazos","status":"publish","type":"post","link":"https:\/\/www.elsindical.com.ar\/notas\/prefecto-discutio-con-otro-conductor-en-la-autopista-illia-y-lo-mato-a-balazos\/","title":{"rendered":"Discuti\u00f3 con otro conductor en la autopista Illia y lo mat\u00f3 a balazos"},"content":{"rendered":"<p><em><a href=\"http:\/\/www.elsindical.com.ar\/notas\/var\/www\/html\/notas\/wp-content\/uploads\/2018\/09\/AUSA-peaje-Retiro.jpg\"><img loading=\"lazy\" decoding=\"async\" class=\"alignnone size-medium wp-image-81492\" src=\"http:\/\/www.elsindical.com.ar\/notas\/var\/www\/html\/notas\/wp-content\/uploads\/2018\/09\/AUSA-peaje-Retiro-300x169.jpg\" alt=\"\" width=\"300\" height=\"169\" srcset=\"https:\/\/www.elsindical.com.ar\/notas\/var\/www\/html\/notas\/wp-content\/uploads\/2018\/09\/AUSA-peaje-Retiro-300x169.jpg 300w, https:\/\/www.elsindical.com.ar\/notas\/var\/www\/html\/notas\/wp-content\/uploads\/2018\/09\/AUSA-peaje-Retiro-768x432.jpg 768w, https:\/\/www.elsindical.com.ar\/notas\/var\/www\/html\/notas\/wp-content\/uploads\/2018\/09\/AUSA-peaje-Retiro-500x281.jpg 500w, https:\/\/www.elsindical.com.ar\/notas\/var\/www\/html\/notas\/wp-content\/uploads\/2018\/09\/AUSA-peaje-Retiro-460x260.jpg 460w, https:\/\/www.elsindical.com.ar\/notas\/var\/www\/html\/notas\/wp-content\/uploads\/2018\/09\/AUSA-peaje-Retiro.jpg 970w\" sizes=\"auto, (max-width: 300px) 100vw, 300px\" \/><\/a>\u00a0 \u00a0El suceso ocurri\u00f3 en la mano a Provincia de la v\u00eda r\u00e1pida y el conductor qued\u00f3 detenido. El incidente comenz\u00f3 porque uno de los hombres encerr\u00f3 al otro ante de llegar al peaje de Retiro. Todo se produjo en presencia de la esposa y dos hijos de la v\u00edctima fatal. El episodio qued\u00f3 registrado en las c\u00e1maras de seguridad.<\/em><\/p>\n<p>El conductor de un auto mat\u00f3 de un balazo a otro luego de mantener una discusi\u00f3n por cuestiones de tr\u00e1nsito, en un violento suceso ocurrido sobre la autopista Illia, a pasos del peaje del barrio porte\u00f1o de Retiro.<\/p>\n<p>El\u00a0 episodio se produjo pasadas las 02:30 de este domingo, cuando un coche que se estaba acercando a las cabinas de cobro de servicio y encerr\u00f3 a otro que ven\u00eda detr\u00e1s.<\/p>\n<p>Esa situaci\u00f3n enfureci\u00f3 a quien manejaba el \u00faltimo de los rodados, quien increp\u00f3 con gritos e insultos y oblig\u00f3 a bajarse del veh\u00edculo a quien iba adelante. Una vez sobre la cinta asf\u00e1ltica, se trenzaron a golpes de pu\u00f1o ante la mirada de los empleados de Autopistas Urbanas y el personal de seguridad de la autopista Illia.<\/p>\n<p>La disputa finaliz\u00f3 de manera sangrienta cuando uno de los automovilistas sac\u00f3 un arma y asesin\u00f3 a su oponente a tiros. La v\u00edctima fatal fue ultimada ante la mirada aterrorizada de su esposa y dos hijos.<\/p>\n<p>Efectivos de la Polic\u00eda de la Ciudad arribaron de inmediato al lugar alertados por los trabajadores de AUSA y detuvieron al criminal. Todo el hecho qued\u00f3 registrado en las c\u00e1maras de seguridad de la autopista.<\/p>\n","protected":false},"excerpt":{"rendered":"<p>\u00a0 \u00a0El suceso ocurri\u00f3 en la mano a Provincia de la v\u00eda r\u00e1pida y el conductor qued\u00f3 detenido. El incidente comenz\u00f3 porque uno de los hombres encerr\u00f3 al otro ante de llegar al peaje de Retiro. Todo se produjo en presencia de la esposa y dos hijos de la v\u00edctima fatal. El episodio qued\u00f3 registrado&hellip;<\/p>\n","protected":false},"author":1,"featured_media":81492,"comment_status":"open","ping_status":"open","sticky":false,"template":"","format":"standard","meta":{"footnotes":""},"categories":[22],"tags":[2397,29611,1165,532],"class_list":["post-81491","post","type-post","status-publish","format-standard","has-post-thumbnail","hentry","category-policiales","tag-ausa","tag-autopista-illia","tag-peaje","tag-retiro"],"_links":{"self":[{"href":"https:\/\/www.elsindical.com.ar\/notas\/wp-json\/wp\/v2\/posts\/81491","targetHints":{"allow":["GET"]}}],"collection":[{"href":"https:\/\/www.elsindical.com.ar\/notas\/wp-json\/wp\/v2\/posts"}],"about":[{"href":"https:\/\/www.elsindical.com.ar\/notas\/wp-json\/wp\/v2\/types\/post"}],"author":[{"embeddable":true,"href":"https:\/\/www.elsindical.com.ar\/notas\/wp-json\/wp\/v2\/users\/1"}],"replies":[{"embeddable":true,"href":"https:\/\/www.elsindical.com.ar\/notas\/wp-json\/wp\/v2\/comments?post=81491"}],"version-history":[{"count":2,"href":"https:\/\/www.elsindical.com.ar\/notas\/wp-json\/wp\/v2\/posts\/81491\/revisions"}],"predecessor-version":[{"id":81497,"href":"https:\/\/www.elsindical.com.ar\/notas\/wp-json\/wp\/v2\/posts\/81491\/revisions\/81497"}],"wp:featuredmedia":[{"embeddable":true,"href":"https:\/\/www.elsindical.com.ar\/notas\/wp-json\/wp\/v2\/media\/81492"}],"wp:attachment":[{"href":"https:\/\/www.elsindical.com.ar\/notas\/wp-json\/wp\/v2\/media?parent=81491"}],"wp:term":[{"taxonomy":"category","embeddable":true,"href":"https:\/\/www.elsindical.com.ar\/notas\/wp-json\/wp\/v2\/categories?post=81491"},{"taxonomy":"post_tag","embeddable":true,"href":"https:\/\/www.elsindical.com.ar\/notas\/wp-json\/wp\/v2\/tags?post=81491"}],"curies":[{"name":"wp","href":"https:\/\/api.w.org\/{rel}","templated":true}]}}