{"id":81440,"date":"2018-09-27T19:23:20","date_gmt":"2018-09-27T22:23:20","guid":{"rendered":"http:\/\/www.elsindical.com.ar\/notas\/?p=81440"},"modified":"2018-09-27T19:23:20","modified_gmt":"2018-09-27T22:23:20","slug":"empresas-adelantan-vacaciones-y-suspenden-personal","status":"publish","type":"post","link":"https:\/\/www.elsindical.com.ar\/notas\/empresas-adelantan-vacaciones-y-suspenden-personal\/","title":{"rendered":"Empresas adelantan vacaciones y suspenden personal"},"content":{"rendered":"<p><span class=\"text description col-xs-8 col-lg-9\"><em>\u00a0<a href=\"http:\/\/www.elsindical.com.ar\/notas\/var\/www\/html\/notas\/wp-content\/uploads\/2018\/09\/Zanella.jpg\"><img loading=\"lazy\" decoding=\"async\" class=\"alignnone size-medium wp-image-81441\" src=\"http:\/\/www.elsindical.com.ar\/notas\/var\/www\/html\/notas\/wp-content\/uploads\/2018\/09\/Zanella-300x197.jpg\" alt=\"\" width=\"300\" height=\"197\" srcset=\"https:\/\/www.elsindical.com.ar\/notas\/var\/www\/html\/notas\/wp-content\/uploads\/2018\/09\/Zanella-300x197.jpg 300w, https:\/\/www.elsindical.com.ar\/notas\/var\/www\/html\/notas\/wp-content\/uploads\/2018\/09\/Zanella-768x505.jpg 768w, https:\/\/www.elsindical.com.ar\/notas\/var\/www\/html\/notas\/wp-content\/uploads\/2018\/09\/Zanella-1024x674.jpg 1024w, https:\/\/www.elsindical.com.ar\/notas\/var\/www\/html\/notas\/wp-content\/uploads\/2018\/09\/Zanella-456x300.jpg 456w, https:\/\/www.elsindical.com.ar\/notas\/var\/www\/html\/notas\/wp-content\/uploads\/2018\/09\/Zanella.jpg 1170w\" sizes=\"auto, (max-width: 300px) 100vw, 300px\" \/><\/a> \u00a0Seg\u00fan un informe de CEPA, en lo que va de 2018 ya se contabilizan 39.027 despidos y cesant\u00edas.<\/em> <\/span><\/p>\n<p>Un informe elaborado por el Centro de Econom\u00eda Pol\u00edtica (CEPA), alerta que <strong>en lo que va de 2018 ya se contabilizan 39.027 despidos y cesant\u00edas.<\/strong> En agosto, se contabilizaron 6233 despidos, principalmente en industrias, cifra que pr\u00e1cticamente duplica el valor del mismo per\u00edodo de 2017.<\/p>\n<p>Ante el escenario ecn\u00f3mico que atraviesa el pa\u00eds, algunas <strong>empresas decidieron adelantar vacaciones o suspender temporariamente a sus empleados.<\/strong> La l\u00ednea de producci\u00f3n de una planta de caf\u00e9 de Nestl\u00e9, es uno de los ejemplos: decidieron adelantar vacaciones.<\/p>\n<p>Por su parte, la f\u00e1brica de motos Zanella en Mar del Plata hasta fin de mes s\u00f3lo trabaja dos d\u00edas a la semana y la planta de Molinos que produce Arlistan, fue paralizada por reclamos de mejoras salariales.<\/p>\n<p>En ese marco, Jos\u00e9 Luis Rocha, titular de la Uni\u00f3n Obrera Metal\u00fargica de Mar del Plata (UOM) advirti\u00f3: <strong>\u00abEl plan de suspensiones fue acordado para mantener los puestos de trabajo,<\/strong> vence en octubre. La situaci\u00f3n no se revirti\u00f3\u00bb.<\/p>\n<p>Nestl\u00e9 que cuenta con seis plantas en el pa\u00eds y da trabajo a 2.500 personas ve caer su demanda: \u00abVen\u00edamos bien hasta junio y ahora, comenzamos a tener una retracci\u00f3n en las ventas\u00bb, asever\u00f3 al sitio BAE Negocios, Leandro Bel, gerente de comunicaciones externas y asuntos p\u00fablicos de Nestl\u00e9 Argentina.<\/p>\n<p>La empresa comunic\u00f3 a 65 trabajadores de la l\u00ednea de caf\u00e9 de la planta de Magdalena que les adelantaban las vacaciones: \u00abSe lo comunicamos 45 d\u00edas antes, como marca la ley\u00bb, explic\u00f3 Bel.<\/p>\n<p>Esta semana, trabajadores de la planta de caf\u00e9 Arlistan de Del Viso paralizaron la f\u00e1brica en reclamo de mejoras salariales. Se trata de un plus por asistencia que, seg\u00fan detallan, qued\u00f3 desactualizado por la inflaci\u00f3n.<\/p>\n","protected":false},"excerpt":{"rendered":"<p>\u00a0 \u00a0Seg\u00fan un informe de CEPA, en lo que va de 2018 ya se contabilizan 39.027 despidos y cesant\u00edas. Un informe elaborado por el Centro de Econom\u00eda Pol\u00edtica (CEPA), alerta que en lo que va de 2018 ya se contabilizan 39.027 despidos y cesant\u00edas. En agosto, se contabilizaron 6233 despidos, principalmente en industrias, cifra que&hellip;<\/p>\n","protected":false},"author":1,"featured_media":81441,"comment_status":"open","ping_status":"open","sticky":false,"template":"","format":"standard","meta":{"footnotes":""},"categories":[9],"tags":[24898,8121,390,53,22023,1264],"class_list":["post-81440","post","type-post","status-publish","format-standard","has-post-thumbnail","hentry","category-economia","tag-cepa","tag-cesantias","tag-crisis","tag-despidos","tag-economia","tag-uom"],"_links":{"self":[{"href":"https:\/\/www.elsindical.com.ar\/notas\/wp-json\/wp\/v2\/posts\/81440","targetHints":{"allow":["GET"]}}],"collection":[{"href":"https:\/\/www.elsindical.com.ar\/notas\/wp-json\/wp\/v2\/posts"}],"about":[{"href":"https:\/\/www.elsindical.com.ar\/notas\/wp-json\/wp\/v2\/types\/post"}],"author":[{"embeddable":true,"href":"https:\/\/www.elsindical.com.ar\/notas\/wp-json\/wp\/v2\/users\/1"}],"replies":[{"embeddable":true,"href":"https:\/\/www.elsindical.com.ar\/notas\/wp-json\/wp\/v2\/comments?post=81440"}],"version-history":[{"count":1,"href":"https:\/\/www.elsindical.com.ar\/notas\/wp-json\/wp\/v2\/posts\/81440\/revisions"}],"predecessor-version":[{"id":81442,"href":"https:\/\/www.elsindical.com.ar\/notas\/wp-json\/wp\/v2\/posts\/81440\/revisions\/81442"}],"wp:featuredmedia":[{"embeddable":true,"href":"https:\/\/www.elsindical.com.ar\/notas\/wp-json\/wp\/v2\/media\/81441"}],"wp:attachment":[{"href":"https:\/\/www.elsindical.com.ar\/notas\/wp-json\/wp\/v2\/media?parent=81440"}],"wp:term":[{"taxonomy":"category","embeddable":true,"href":"https:\/\/www.elsindical.com.ar\/notas\/wp-json\/wp\/v2\/categories?post=81440"},{"taxonomy":"post_tag","embeddable":true,"href":"https:\/\/www.elsindical.com.ar\/notas\/wp-json\/wp\/v2\/tags?post=81440"}],"curies":[{"name":"wp","href":"https:\/\/api.w.org\/{rel}","templated":true}]}}